{"id":18250,"date":"2025-06-04T15:26:35","date_gmt":"2025-06-04T18:26:35","guid":{"rendered":"https:\/\/www.visionweb.com.ar\/?p=18250"},"modified":"2025-06-04T15:26:35","modified_gmt":"2025-06-04T18:26:35","slug":"mas-polemica-por-las-dietas-los-senadores-cobraran-95-millones","status":"publish","type":"post","link":"https:\/\/www.visionweb.com.ar\/?p=18250","title":{"rendered":"M\u00e1s pol\u00e9mica por las dietas: Los senadores cobrar\u00e1n 9,5 millones"},"content":{"rendered":"<p><em><strong>El incremento se activ\u00f3 por una cl\u00e1usula votada en abril y est\u00e1 atado a la paritaria de los empleados legislativos. El intento de Villarruel por congelar los sueldos hasta 2025 fracas\u00f3. El salario de un senador equivale a lo que cobran 30 personas jubiladas.<\/strong><\/em><!--more--><\/p>\n<p><strong>\u00a0\u00a0 <img loading=\"lazy\" decoding=\"async\" class=\"size-medium wp-image-15528 alignright\" src=\"https:\/\/www.visionweb.com.ar\/wp-content\/uploads\/2024\/08\/Senadores-dieta-300x300.png\" alt=\"\" width=\"300\" height=\"300\" srcset=\"https:\/\/www.visionweb.com.ar\/wp-content\/uploads\/2024\/08\/Senadores-dieta-300x300.png 300w, https:\/\/www.visionweb.com.ar\/wp-content\/uploads\/2024\/08\/Senadores-dieta-150x150.png 150w, https:\/\/www.visionweb.com.ar\/wp-content\/uploads\/2024\/08\/Senadores-dieta-80x80.png 80w, https:\/\/www.visionweb.com.ar\/wp-content\/uploads\/2024\/08\/Senadores-dieta-320x320.png 320w, https:\/\/www.visionweb.com.ar\/wp-content\/uploads\/2024\/08\/Senadores-dieta-65x65.png 65w, https:\/\/www.visionweb.com.ar\/wp-content\/uploads\/2024\/08\/Senadores-dieta.png 480w\" sizes=\"auto, (max-width: 300px) 100vw, 300px\" \/>\u00a0\u00a0 L<\/strong>os<strong> senadores nacionales volver\u00e1n a recibir un fuerte aumento en sus dietas<\/strong>\u00a0tras el cierre de la paritaria de los trabajadores del Congreso, que firmaron una suba del 1,3% para marzo, abril y mayo. A partir de este ajuste,\u00a0<strong>los legisladores pasar\u00e1n a percibir m\u00e1s de 9,5 millones de pesos mensuales.<\/strong><\/p>\n<p>El impacto del incremento responde a una pol\u00e9mica votaci\u00f3n realizada en abril,\u00a0<strong>cuando a mano alzada y sin debate, se aprob\u00f3 un aumento <\/strong>que incluy\u00f3 una<strong> cl\u00e1usula de actualizaci\u00f3n autom\u00e1tica vinculada a los acuerdos paritarios del personal legislativo.\u00a0<\/strong><\/p>\n<p>Esa decisi\u00f3n fue avalada por los presidentes de ambas c\u00e1maras,\u00a0<strong>Mart\u00edn Menem y Victoria Villarruel<\/strong>, quienes firmaron este martes el acuerdo con los gremios.<\/p>\n<p>Villarruel hab\u00eda intentado congelar las dietas hasta fines de 2024 mediante un decreto, e incluso busc\u00f3 desenganchar los sueldos de la paritaria, pero no logr\u00f3 consenso pol\u00edtico. Su iniciativa fue impulsada con apoyo de un sector del oficialismo, pero no prosper\u00f3 antes del cierre de liquidaciones de abril.<\/p>\n<p>As\u00ed, <strong>el \u201cdescongelamiento\u201d,<\/strong> que entr\u00f3 en vigencia el 31 de marzo, <strong>se activ\u00f3 autom\u00e1ticamente<\/strong>, y\u00a0<strong>los senadores continuar\u00e1n con la percepci\u00f3n de cifras millonarias, en un contexto econ\u00f3mico y social marcado por el ajuste<\/strong>, la recesi\u00f3n y los <strong>recortes en \u00e1reas sensibles<\/strong> del Estado. <strong>(VW)<\/strong><\/p>\n<p>&nbsp;<\/p>\n","protected":false},"excerpt":{"rendered":"<p>El incremento se activ\u00f3 por una cl\u00e1usula votada en abril y est\u00e1 atado a la paritaria de los empleados legislativos. El intento de Villarruel por congelar los sueldos hasta 2025 fracas\u00f3. El salario de&#46;&#46;&#46;<\/p>\n","protected":false},"author":4,"featured_media":15528,"comment_status":"closed","ping_status":"closed","sticky":false,"template":"","format":"standard","meta":{"_monsterinsights_skip_tracking":false,"_monsterinsights_sitenote_active":false,"_monsterinsights_sitenote_note":"","_monsterinsights_sitenote_category":0,"footnotes":""},"categories":[4],"tags":[7756,7755,7757],"class_list":["post-18250","post","type-post","status-publish","format-standard","has-post-thumbnail","hentry","category-politica","tag-aumento-automatico","tag-dieta-senadores","tag-mas-de-9-millones"],"_links":{"self":[{"href":"https:\/\/www.visionweb.com.ar\/index.php?rest_route=\/wp\/v2\/posts\/18250","targetHints":{"allow":["GET"]}}],"collection":[{"href":"https:\/\/www.visionweb.com.ar\/index.php?rest_route=\/wp\/v2\/posts"}],"about":[{"href":"https:\/\/www.visionweb.com.ar\/index.php?rest_route=\/wp\/v2\/types\/post"}],"author":[{"embeddable":true,"href":"https:\/\/www.visionweb.com.ar\/index.php?rest_route=\/wp\/v2\/users\/4"}],"replies":[{"embeddable":true,"href":"https:\/\/www.visionweb.com.ar\/index.php?rest_route=%2Fwp%2Fv2%2Fcomments&post=18250"}],"version-history":[{"count":1,"href":"https:\/\/www.visionweb.com.ar\/index.php?rest_route=\/wp\/v2\/posts\/18250\/revisions"}],"predecessor-version":[{"id":18251,"href":"https:\/\/www.visionweb.com.ar\/index.php?rest_route=\/wp\/v2\/posts\/18250\/revisions\/18251"}],"wp:featuredmedia":[{"embeddable":true,"href":"https:\/\/www.visionweb.com.ar\/index.php?rest_route=\/wp\/v2\/media\/15528"}],"wp:attachment":[{"href":"https:\/\/www.visionweb.com.ar\/index.php?rest_route=%2Fwp%2Fv2%2Fmedia&parent=18250"}],"wp:term":[{"taxonomy":"category","embeddable":true,"href":"https:\/\/www.visionweb.com.ar\/index.php?rest_route=%2Fwp%2Fv2%2Fcategories&post=18250"},{"taxonomy":"post_tag","embeddable":true,"href":"https:\/\/www.visionweb.com.ar\/index.php?rest_route=%2Fwp%2Fv2%2Ftags&post=18250"}],"curies":[{"name":"wp","href":"https:\/\/api.w.org\/{rel}","templated":true}]}}