{"id":18245,"date":"2025-06-04T12:26:43","date_gmt":"2025-06-04T15:26:43","guid":{"rendered":"https:\/\/www.visionweb.com.ar\/?p=18245"},"modified":"2025-06-04T12:26:43","modified_gmt":"2025-06-04T15:26:43","slug":"kicillof-y-cristina-arriman-posiciones","status":"publish","type":"post","link":"https:\/\/www.visionweb.com.ar\/?p=18245","title":{"rendered":"Kicillof y Cristina arriman posiciones"},"content":{"rendered":"<p><em><strong>La tercera secci\u00f3n electoral que abarca los 19 partidos del cono urbano del sur del Gran Buenos Aires, con el partido de La Matanza,\u00a0 incluido, totalizo casi 5 millones de votantes.<\/strong><\/em><!--more--><\/p>\n<p><img loading=\"lazy\" decoding=\"async\" class=\"size-medium wp-image-13329 alignright\" src=\"https:\/\/www.visionweb.com.ar\/wp-content\/uploads\/2024\/01\/kicillof-paritarias-300x150.png\" alt=\"\" width=\"300\" height=\"150\" srcset=\"https:\/\/www.visionweb.com.ar\/wp-content\/uploads\/2024\/01\/kicillof-paritarias-300x150.png 300w, https:\/\/www.visionweb.com.ar\/wp-content\/uploads\/2024\/01\/kicillof-paritarias.png 628w\" sizes=\"auto, (max-width: 300px) 100vw, 300px\" \/>Tras conocerse el anuncio de la ex presidenta Cristina Fern\u00e1nde de Kirchener, de postularse como candidata a diputada provincial por la Tercera Secci\u00f3n electoral con el sello del PJ, contact\u00f3 en la v\u00edspera al gobernador Axel Kicillof, en un primer movimiento para bajar la tensi\u00f3n pol\u00edtica -y personal- entre ambos, de cara a la negociaci\u00f3n para intentar unificar listas en el peronismo bonaerense.<\/p>\n<p>La comunicaci\u00f3n fue \u201cbreve y de buen tono\u201d, revelaron fuentes de la gobernaci\u00f3n, que confirmaron que as\u00ed se puso fin a una falta de contactos entre ambos dirigentes que se prolonga desde fines del a\u00f1o pasado.<\/p>\n<p>La tercera secci\u00f3n electoral que abarca los 19 partidos del cono urbano del sur del Gran Buenos Aires, con el partido de La Matanza,\u00a0 incluido, totalizo casi 5 millones de votantes.<\/p>\n<p>Desde el municipio de Avellaneda, Lan\u00fas, Lomas de Zamora, Almirante Brown, Estebam Echeverr\u00eda y Ezeiza, hasta San Vicente, Quilmes y Florencio Varela, sumado los partidos de Presidente Per\u00f3n y Berazategui, sobre el sud este bonaerense, suman 12 distritos, todos con intendentes del PJ (cercanos al kirchnerismo)<\/p>\n<p>\u201cQuedaron en volver a hablar\u201d en los pr\u00f3ximos d\u00edas, en un contacto que servir\u00e1 para retomar las negociaciones por una lista de unidad. Y que podr\u00eda incluir un encuentro personal, consignaron medios period\u00edsticos platenses.<\/p>\n<p>\u201cElla siempre busca hablar con Axel, de hecho, si no lo llam\u00f3 y no hablaron, s\u00e9 que seguramente se est\u00e1 dando durante el d\u00eda de hoy. Cristina no tiene ning\u00fan problema, al contrario, de llamarlo a Axel, o lo hizo o lo har\u00e1 durante el d\u00eda de hoy\u201d, dijo m\u00e1s temprano Mayra Mendoza, intendenta de Quilmes.<\/p>\n<p>El contacto se produce luego de que la ex presidenta confirm\u00f3 su candidatura en una entrevista con el periodista Gustavo Silvestre en el canal C5N, en la que adem\u00e1s critic\u00f3 abiertamente el esquema de desdoblamiento que impuls\u00f3 Kicillof. Incluso sugiri\u00f3 que ella dar\u00eda marcha atr\u00e1s con esa decisi\u00f3n.<\/p>\n<p>\u201c\u00bfAlguien puede pensar que si al peronismo no le va bien en septiembre nos puede ir bien en octubre?\u201d, justific\u00f3 Cristina su llamativa decisi\u00f3n de competir por una candidatura provincial.<\/p>\n<p>En las huestes de el Kicillof no fijaron posici\u00f3n p\u00fablica y se espera que en la conversaci\u00f3n que mantendr\u00e1n se hable sobre si habr\u00e1 listas de unidad o no<strong>(VW\/DIB)<\/strong>.<\/p>\n","protected":false},"excerpt":{"rendered":"<p>La tercera secci\u00f3n electoral que abarca los 19 partidos del cono urbano del sur del Gran Buenos Aires, con el partido de La Matanza,\u00a0 incluido, totalizo casi 5 millones de votantes.<\/p>\n","protected":false},"author":3,"featured_media":13329,"comment_status":"closed","ping_status":"closed","sticky":false,"template":"","format":"standard","meta":{"_monsterinsights_skip_tracking":false,"_monsterinsights_sitenote_active":false,"_monsterinsights_sitenote_note":"","_monsterinsights_sitenote_category":0,"footnotes":""},"categories":[4],"tags":[],"class_list":["post-18245","post","type-post","status-publish","format-standard","has-post-thumbnail","hentry","category-politica"],"_links":{"self":[{"href":"https:\/\/www.visionweb.com.ar\/index.php?rest_route=\/wp\/v2\/posts\/18245","targetHints":{"allow":["GET"]}}],"collection":[{"href":"https:\/\/www.visionweb.com.ar\/index.php?rest_route=\/wp\/v2\/posts"}],"about":[{"href":"https:\/\/www.visionweb.com.ar\/index.php?rest_route=\/wp\/v2\/types\/post"}],"author":[{"embeddable":true,"href":"https:\/\/www.visionweb.com.ar\/index.php?rest_route=\/wp\/v2\/users\/3"}],"replies":[{"embeddable":true,"href":"https:\/\/www.visionweb.com.ar\/index.php?rest_route=%2Fwp%2Fv2%2Fcomments&post=18245"}],"version-history":[{"count":1,"href":"https:\/\/www.visionweb.com.ar\/index.php?rest_route=\/wp\/v2\/posts\/18245\/revisions"}],"predecessor-version":[{"id":18246,"href":"https:\/\/www.visionweb.com.ar\/index.php?rest_route=\/wp\/v2\/posts\/18245\/revisions\/18246"}],"wp:featuredmedia":[{"embeddable":true,"href":"https:\/\/www.visionweb.com.ar\/index.php?rest_route=\/wp\/v2\/media\/13329"}],"wp:attachment":[{"href":"https:\/\/www.visionweb.com.ar\/index.php?rest_route=%2Fwp%2Fv2%2Fmedia&parent=18245"}],"wp:term":[{"taxonomy":"category","embeddable":true,"href":"https:\/\/www.visionweb.com.ar\/index.php?rest_route=%2Fwp%2Fv2%2Fcategories&post=18245"},{"taxonomy":"post_tag","embeddable":true,"href":"https:\/\/www.visionweb.com.ar\/index.php?rest_route=%2Fwp%2Fv2%2Ftags&post=18245"}],"curies":[{"name":"wp","href":"https:\/\/api.w.org\/{rel}","templated":true}]}}