{"id":18243,"date":"2025-06-04T11:23:45","date_gmt":"2025-06-04T14:23:45","guid":{"rendered":"https:\/\/www.visionweb.com.ar\/?p=18243"},"modified":"2025-06-04T11:23:45","modified_gmt":"2025-06-04T14:23:45","slug":"el-intendente-de-lomas-federico-otermin-recibio-a-los-trabajadores-de-la-salada","status":"publish","type":"post","link":"https:\/\/www.visionweb.com.ar\/?p=18243","title":{"rendered":"El intendente de Lomas, Federico Otermin recibi\u00f3 a los trabajadores de La Salada"},"content":{"rendered":"<p><strong><em>La decisi\u00f3n de cerrar la feria La Salada fue de la Justicia, en el marco de una investigaci\u00f3n por evasi\u00f3n, pero los trabajadores reclamaron tambi\u00e9n a las autoridades locales que intervengan.<\/em><\/strong><!--more--><\/p>\n<p><img loading=\"lazy\" decoding=\"async\" class=\"size-medium wp-image-18209 alignright\" src=\"https:\/\/www.visionweb.com.ar\/wp-content\/uploads\/2025\/06\/PROTESTAS-LA-SALADA-300x142.png\" alt=\"\" width=\"300\" height=\"142\" srcset=\"https:\/\/www.visionweb.com.ar\/wp-content\/uploads\/2025\/06\/PROTESTAS-LA-SALADA-300x142.png 300w, https:\/\/www.visionweb.com.ar\/wp-content\/uploads\/2025\/06\/PROTESTAS-LA-SALADA-520x245.png 520w, https:\/\/www.visionweb.com.ar\/wp-content\/uploads\/2025\/06\/PROTESTAS-LA-SALADA.png 640w\" sizes=\"auto, (max-width: 300px) 100vw, 300px\" \/>En el marco de las protestas que desde hace casi dos semanas realizan los trabajadores del complejo comercial La Salada, que incluyeron cortes en el Puente La Noria y Camino Negro,\u00a0 el intendentes de Lomas de Zamora, Federico Oterm\u00edn los recibi\u00f3 este martes.<\/p>\n<p>\u201cEl objetivo es que mientras la investigaci\u00f3n sigue su curso, en paz se garantice que los trabajadores puedan laburar y llevar tranquilidad a sus familias\u201d, asegur\u00f3 el jefe comunal de Lomas de Zamora.<\/p>\n<p>La decisi\u00f3n de cerrar la feria La Salada fue de la Justicia, en el marco de una investigaci\u00f3n por evasi\u00f3n, pero los trabajadores reclamaron tambi\u00e9n a las autoridades locales que intervengan. \u201cEntendemos su angustia y queremos preservar las fuentes de trabajo que genera la feria\u201d, dijo.<\/p>\n<p>\u201cDesde ya que somos respetuosos de la Justicia y sus decisiones, ahora bien, comprendemos la preocupaci\u00f3n de los trabajadores que ven peligrar su situaci\u00f3n laboral y como eso los lleva a la desesperaci\u00f3n\u201d, expres\u00f3.<\/p>\n<p>M\u00e1s de 30.000 familias piden \u201cvolver a trabajar\u201d, que ser\u00e1 posible s\u00f3lo si la feria -Ocean, Punta Mogotes y Urkupi\u00f1a- reabre las puertas.<\/p>\n<p>La investigaci\u00f3n judicial apunta a una estructura financiera ilegal que operaba alrededor de la feria La Salada y otras ferias de la zona sur del conurbano, con ramificaciones en distintos puntos del \u00c1rea Metropolitana<strong>(VW)<\/strong>.<\/p>\n","protected":false},"excerpt":{"rendered":"<p>La decisi\u00f3n de cerrar la feria La Salada fue de la Justicia, en el marco de una investigaci\u00f3n por evasi\u00f3n, pero los trabajadores reclamaron tambi\u00e9n a las autoridades locales que intervengan.<\/p>\n","protected":false},"author":3,"featured_media":18209,"comment_status":"closed","ping_status":"closed","sticky":false,"template":"","format":"standard","meta":{"_monsterinsights_skip_tracking":false,"_monsterinsights_sitenote_active":false,"_monsterinsights_sitenote_note":"","_monsterinsights_sitenote_category":0,"footnotes":""},"categories":[8],"tags":[277,7750,653],"class_list":["post-18243","post","type-post","status-publish","format-standard","has-post-thumbnail","hentry","category-interes-general","tag-cortes","tag-la-salada-trabajadores","tag-protestas"],"_links":{"self":[{"href":"https:\/\/www.visionweb.com.ar\/index.php?rest_route=\/wp\/v2\/posts\/18243","targetHints":{"allow":["GET"]}}],"collection":[{"href":"https:\/\/www.visionweb.com.ar\/index.php?rest_route=\/wp\/v2\/posts"}],"about":[{"href":"https:\/\/www.visionweb.com.ar\/index.php?rest_route=\/wp\/v2\/types\/post"}],"author":[{"embeddable":true,"href":"https:\/\/www.visionweb.com.ar\/index.php?rest_route=\/wp\/v2\/users\/3"}],"replies":[{"embeddable":true,"href":"https:\/\/www.visionweb.com.ar\/index.php?rest_route=%2Fwp%2Fv2%2Fcomments&post=18243"}],"version-history":[{"count":1,"href":"https:\/\/www.visionweb.com.ar\/index.php?rest_route=\/wp\/v2\/posts\/18243\/revisions"}],"predecessor-version":[{"id":18244,"href":"https:\/\/www.visionweb.com.ar\/index.php?rest_route=\/wp\/v2\/posts\/18243\/revisions\/18244"}],"wp:featuredmedia":[{"embeddable":true,"href":"https:\/\/www.visionweb.com.ar\/index.php?rest_route=\/wp\/v2\/media\/18209"}],"wp:attachment":[{"href":"https:\/\/www.visionweb.com.ar\/index.php?rest_route=%2Fwp%2Fv2%2Fmedia&parent=18243"}],"wp:term":[{"taxonomy":"category","embeddable":true,"href":"https:\/\/www.visionweb.com.ar\/index.php?rest_route=%2Fwp%2Fv2%2Fcategories&post=18243"},{"taxonomy":"post_tag","embeddable":true,"href":"https:\/\/www.visionweb.com.ar\/index.php?rest_route=%2Fwp%2Fv2%2Ftags&post=18243"}],"curies":[{"name":"wp","href":"https:\/\/api.w.org\/{rel}","templated":true}]}}