{"id":18229,"date":"2025-06-03T12:16:30","date_gmt":"2025-06-03T15:16:30","guid":{"rendered":"https:\/\/www.visionweb.com.ar\/?p=18229"},"modified":"2025-06-03T12:17:47","modified_gmt":"2025-06-03T15:17:47","slug":"comercios-deja-de-ser-obligatorio-el-pago-de-un-fondo-para-capacitacion","status":"publish","type":"post","link":"https:\/\/www.visionweb.com.ar\/?p=18229","title":{"rendered":"Comercios: Deja de ser obligatorio el pago de un fondo para capacitaci\u00f3n"},"content":{"rendered":"<p><strong><em>El aporte ser\u00e1 voluntario para quienes quieran sumarse al fondo de capacitaci\u00f3n del Instituto Argentino de Capacitaci\u00f3n Profesional y Tecnol\u00f3gica.<\/em><\/strong><!--more--><\/p>\n<p><img loading=\"lazy\" decoding=\"async\" class=\"size-medium wp-image-13039 alignright\" src=\"https:\/\/www.visionweb.com.ar\/wp-content\/uploads\/2023\/12\/lomas-comercios-300x170.png\" alt=\"\" width=\"300\" height=\"170\" srcset=\"https:\/\/www.visionweb.com.ar\/wp-content\/uploads\/2023\/12\/lomas-comercios-300x170.png 300w, https:\/\/www.visionweb.com.ar\/wp-content\/uploads\/2023\/12\/lomas-comercios.png 441w\" sizes=\"auto, (max-width: 300px) 100vw, 300px\" \/>Desde el 1 de junio entr\u00f3 en vigencia el Decreto nacional 149\/2025, que obligaba a los comercios a aportar al <strong><em>Instituto Argentino de Capacitaci\u00f3n Profesional y Tecnol\u00f3gica, <\/em><\/strong>una suma mensual que deber\u00eda destinarse a la capacitaci\u00f3n del personal empleado, que en su totalidad representaba unos 70 mil millones de pesos anuales.<\/p>\n<p>Con la entrada en vigor de la normativa, el aporte que ven\u00edan haciendo los comercios y, desde ahora ser\u00e1 a voluntario.<\/p>\n<p>La normativa determina que \u201clas convenciones colectivas de trabajo\u00a0<strong>no podr\u00e1n imponer aportes, contribuciones o cualquier otro tipo de carga econ\u00f3mica<\/strong>\u00a0en beneficio de c\u00e1maras, asociaciones o agrupaciones de empleadores a cargo de no asociados o afiliados a dichas entidades, salvo que dichas cargas resultaren aceptadas voluntariamente por estos \u00faltimos\u201d.<\/p>\n<p>De esta manera,\u00a0<strong>los comerciantes dejan de realizar obligatoriamente la contribuci\u00f3n mensual<\/strong>\u00a0en concepto de capacitaci\u00f3n por cada empleado registrado que ven\u00edan haciendo desde 2008, lo que representa\u00a0<strong>un ahorro de m\u00e1s de $ 70.000 millones al a\u00f1o<\/strong>\u00a0para el sector mercantil.<\/p>\n<p><strong>El aporte deb\u00eda realizarse aunque el empleado no se capacitara<\/strong>, seg\u00fan lo establecido en el convenio colectivo de comercio,\u00a0<strong>permitiendo as\u00ed recaudar millonarios fondos<\/strong>\u00a0a los gremios empresarios que firmaron la paritaria.<\/p>\n<p>El c\u00e1lculo del ahorro parte de que la cuota, que se increment\u00f3 en marzo a\u00a0<strong>$ 4.725,02<\/strong>\u00a0por trabajador,\u00a0<strong>equivale a una recaudaci\u00f3n mensual de m\u00e1s de $ 5.600 millones y $ 70.000 millones al a\u00f1o<\/strong>, ya que la contribuci\u00f3n por parte del empleador alcanzaba a 1,2 millones de trabajadores<strong>(VW)<\/strong>.<\/p>\n<p>&nbsp;<\/p>\n","protected":false},"excerpt":{"rendered":"<p>El aporte ser\u00e1 voluntario para quienes quieran sumarse al fondo de capacitaci\u00f3n del Instituto Argentino de Capacitaci\u00f3n Profesional y Tecnol\u00f3gica.<\/p>\n","protected":false},"author":3,"featured_media":13039,"comment_status":"closed","ping_status":"closed","sticky":false,"template":"","format":"standard","meta":{"_monsterinsights_skip_tracking":false,"_monsterinsights_sitenote_active":false,"_monsterinsights_sitenote_note":"","_monsterinsights_sitenote_category":0,"footnotes":""},"categories":[8,749],"tags":[120,949,5770],"class_list":["post-18229","post","type-post","status-publish","format-standard","has-post-thumbnail","hentry","category-interes-general","category-pymes","tag-aporte","tag-capacitacion","tag-fondo"],"_links":{"self":[{"href":"https:\/\/www.visionweb.com.ar\/index.php?rest_route=\/wp\/v2\/posts\/18229","targetHints":{"allow":["GET"]}}],"collection":[{"href":"https:\/\/www.visionweb.com.ar\/index.php?rest_route=\/wp\/v2\/posts"}],"about":[{"href":"https:\/\/www.visionweb.com.ar\/index.php?rest_route=\/wp\/v2\/types\/post"}],"author":[{"embeddable":true,"href":"https:\/\/www.visionweb.com.ar\/index.php?rest_route=\/wp\/v2\/users\/3"}],"replies":[{"embeddable":true,"href":"https:\/\/www.visionweb.com.ar\/index.php?rest_route=%2Fwp%2Fv2%2Fcomments&post=18229"}],"version-history":[{"count":1,"href":"https:\/\/www.visionweb.com.ar\/index.php?rest_route=\/wp\/v2\/posts\/18229\/revisions"}],"predecessor-version":[{"id":18232,"href":"https:\/\/www.visionweb.com.ar\/index.php?rest_route=\/wp\/v2\/posts\/18229\/revisions\/18232"}],"wp:featuredmedia":[{"embeddable":true,"href":"https:\/\/www.visionweb.com.ar\/index.php?rest_route=\/wp\/v2\/media\/13039"}],"wp:attachment":[{"href":"https:\/\/www.visionweb.com.ar\/index.php?rest_route=%2Fwp%2Fv2%2Fmedia&parent=18229"}],"wp:term":[{"taxonomy":"category","embeddable":true,"href":"https:\/\/www.visionweb.com.ar\/index.php?rest_route=%2Fwp%2Fv2%2Fcategories&post=18229"},{"taxonomy":"post_tag","embeddable":true,"href":"https:\/\/www.visionweb.com.ar\/index.php?rest_route=%2Fwp%2Fv2%2Ftags&post=18229"}],"curies":[{"name":"wp","href":"https:\/\/api.w.org\/{rel}","templated":true}]}}