{"id":18228,"date":"2025-06-03T12:00:28","date_gmt":"2025-06-03T15:00:28","guid":{"rendered":"https:\/\/www.visionweb.com.ar\/?p=18228"},"modified":"2025-06-03T12:00:28","modified_gmt":"2025-06-03T15:00:28","slug":"pilotos-de-aerolineas-argentinas-haran-un-paro-el-10-de-junio","status":"publish","type":"post","link":"https:\/\/www.visionweb.com.ar\/?p=18228","title":{"rendered":"Pilotos de Aerol\u00edneas Argentinas har\u00e1n un paro el 10 de junio"},"content":{"rendered":"<p><strong><em>La medida de fuerza ser\u00e1 desde las 18 horas y las 2 de la madrugada del d\u00eda siguiente. Afectar\u00e1 las operaciones de Aeroparque Jorge Newbery y Aeropuerto de Ezeiza.<\/em><\/strong><!--more--><\/p>\n<p><img loading=\"lazy\" decoding=\"async\" class=\"size-medium wp-image-18230 alignright\" src=\"https:\/\/www.visionweb.com.ar\/wp-content\/uploads\/2025\/06\/paro-pilotos-aerolineas-240x300.png\" alt=\"\" width=\"240\" height=\"300\" srcset=\"https:\/\/www.visionweb.com.ar\/wp-content\/uploads\/2025\/06\/paro-pilotos-aerolineas-240x300.png 240w, https:\/\/www.visionweb.com.ar\/wp-content\/uploads\/2025\/06\/paro-pilotos-aerolineas.png 432w\" sizes=\"auto, (max-width: 240px) 100vw, 240px\" \/>\u00a0\u00a0\u00a0\u00a0 <strong>L<\/strong>a <strong>Asociaci\u00f3n de Pilotos de L\u00edneas A\u00e9reas (APLA)<\/strong> anunci\u00f3 un\u00a0<strong>paro de actividades\u00a0<\/strong>para el martes<strong>\u00a010 de junio<\/strong>\u00a0a partir de las 18 horas y las 2 de la madrugada del d\u00eda 11, que afectar\u00e1 las operaciones en los aeropuertos de\u00a0<strong>Aeroparque Jorge Newbery y Ezeiza.\u00a0<\/strong><\/p>\n<p><strong>Fuentes de la empresa, en respuesta, cuestionaron la medida de fuerza, al sostener que tiene \u201cmotivaciones pol\u00edticas\u201d, pero aseguraron que de todas formas se encuentran \u201cabiertos\u201d a buscar soluciones, <\/strong>indic\u00f3 Noticias Argentinas.<\/p>\n<p>Por su parte, el gremio <strong>comunic\u00f3 el paro a trav\u00e9s de un mensaje en redes sociales<\/strong> donde plantearon que el sector atraviesa \u201cun <strong>contexto extremadamente cr\u00edtico en la industria aerocomercial <\/strong>en Argentina\u201d y consideraron que se toman decisiones<strong>\u00a0\u201ccon liviandad\u201d<\/strong>\u00a0que \u201cno contemplan el impacto negativo de sus consecuencias\u201d.<\/p>\n<p>En el caso particular de Aerol\u00edneas Argentinas, los pilotos consideraron que existen \u201cinaceptables incumplimientos convencionales perpetrados por la empresa\u201d, as\u00ed como un \u201cprolongado\u00a0<strong>retraso en la pauta salarial<\/strong>\u201d.<\/p>\n<p>Tambi\u00e9n mencionaron como motivo del paro la \u201cfalta de un plan de desarrollo profesional\u201d y \u201cla<strong>\u00a0ausencia de una estrategia<\/strong>\u00a0clara y sostenible para el futuro de la compa\u00f1\u00eda\u201d.<\/p>\n<p>En ese sentido, indicaron que existe una \u201ccontinua modificaci\u00f3n unilateral de procesos y programaciones, y<strong>\u00a0recurrentes fallas t\u00e9cnicas en los aviones<\/strong>\u00a0que se sostienen en el tiempo, producto de la<strong>\u00a0falta de inversi\u00f3n,<\/strong>\u00a0que impactan negativamente en las condiciones operativas y laborales de las y los pilotos y en el servicio diario a los pasajeros\u201d.<\/p>\n<p>Desde APLA expresaron que\u00a0<strong>la pauta salarial nunca se termin\u00f3 de ajustar<\/strong>. Y al respecto explicaron que se han producido ajustes parciales que, en su mayor\u00eda, quedaron por debajo de la inflaci\u00f3n. <strong>(VW)<\/strong><\/p>\n<p>&nbsp;<\/p>\n","protected":false},"excerpt":{"rendered":"<p>La medida de fuerza ser\u00e1 desde las 18 horas y las 2 de la madrugada del d\u00eda siguiente. Afectar\u00e1 las operaciones de Aeroparque Jorge Newbery y Aeropuerto de Ezeiza.<\/p>\n","protected":false},"author":4,"featured_media":18230,"comment_status":"closed","ping_status":"closed","sticky":false,"template":"","format":"standard","meta":{"_monsterinsights_skip_tracking":false,"_monsterinsights_sitenote_active":false,"_monsterinsights_sitenote_note":"","_monsterinsights_sitenote_category":0,"footnotes":""},"categories":[4,5],"tags":[3228,5743,7746],"class_list":["post-18228","post","type-post","status-publish","format-standard","has-post-thumbnail","hentry","category-politica","category-sociedad","tag-aerolineas-argentinas","tag-apla","tag-paro-de-pilotos"],"_links":{"self":[{"href":"https:\/\/www.visionweb.com.ar\/index.php?rest_route=\/wp\/v2\/posts\/18228","targetHints":{"allow":["GET"]}}],"collection":[{"href":"https:\/\/www.visionweb.com.ar\/index.php?rest_route=\/wp\/v2\/posts"}],"about":[{"href":"https:\/\/www.visionweb.com.ar\/index.php?rest_route=\/wp\/v2\/types\/post"}],"author":[{"embeddable":true,"href":"https:\/\/www.visionweb.com.ar\/index.php?rest_route=\/wp\/v2\/users\/4"}],"replies":[{"embeddable":true,"href":"https:\/\/www.visionweb.com.ar\/index.php?rest_route=%2Fwp%2Fv2%2Fcomments&post=18228"}],"version-history":[{"count":1,"href":"https:\/\/www.visionweb.com.ar\/index.php?rest_route=\/wp\/v2\/posts\/18228\/revisions"}],"predecessor-version":[{"id":18231,"href":"https:\/\/www.visionweb.com.ar\/index.php?rest_route=\/wp\/v2\/posts\/18228\/revisions\/18231"}],"wp:featuredmedia":[{"embeddable":true,"href":"https:\/\/www.visionweb.com.ar\/index.php?rest_route=\/wp\/v2\/media\/18230"}],"wp:attachment":[{"href":"https:\/\/www.visionweb.com.ar\/index.php?rest_route=%2Fwp%2Fv2%2Fmedia&parent=18228"}],"wp:term":[{"taxonomy":"category","embeddable":true,"href":"https:\/\/www.visionweb.com.ar\/index.php?rest_route=%2Fwp%2Fv2%2Fcategories&post=18228"},{"taxonomy":"post_tag","embeddable":true,"href":"https:\/\/www.visionweb.com.ar\/index.php?rest_route=%2Fwp%2Fv2%2Ftags&post=18228"}],"curies":[{"name":"wp","href":"https:\/\/api.w.org\/{rel}","templated":true}]}}