{"id":18226,"date":"2025-06-03T11:48:16","date_gmt":"2025-06-03T14:48:16","guid":{"rendered":"https:\/\/www.visionweb.com.ar\/?p=18226"},"modified":"2025-06-03T11:48:16","modified_gmt":"2025-06-03T14:48:16","slug":"la-justicia-freno-el-decreto-antihuelga-de-milei","status":"publish","type":"post","link":"https:\/\/www.visionweb.com.ar\/?p=18226","title":{"rendered":"La Justicia fren\u00f3 el decreto antihuelga de Milei"},"content":{"rendered":"<p><em><strong>Fue tras un amparo presentado por ATE. \u201cPretend\u00edan hacernos retroceder cien a\u00f1os, y no pudieron\u201d, dijo Aguiar.<\/strong><\/em><!--more--><\/p>\n<p><strong> <img loading=\"lazy\" decoding=\"async\" class=\"size-medium wp-image-13000 alignright\" src=\"https:\/\/www.visionweb.com.ar\/wp-content\/uploads\/2023\/12\/ate-rodolfo-aguiar-300x211.png\" alt=\"\" width=\"300\" height=\"211\" srcset=\"https:\/\/www.visionweb.com.ar\/wp-content\/uploads\/2023\/12\/ate-rodolfo-aguiar-300x211.png 300w, https:\/\/www.visionweb.com.ar\/wp-content\/uploads\/2023\/12\/ate-rodolfo-aguiar.png 476w\" sizes=\"auto, (max-width: 300px) 100vw, 300px\" \/>\u00a0\u00a0\u00a0 E<\/strong>l secretario general de la <strong>Asociaci\u00f3n de Trabajadores del Estado<\/strong> (ATE) <strong>Rodolfo Aguiar,<\/strong> inform\u00f3 que, desde el sindicato,\u00a0<strong>\u201clograron frenar el decreto antihuelga\u201d\u00a0<\/strong>que hab\u00eda impulsado la gesti\u00f3n del presidente Javier Milei.<\/p>\n<p>El gremialista afirm\u00f3 que el Juzgado Nacional de Primera Instancia del Trabajo 3 \u201cresolvi\u00f3 admitir la\u00a0<strong>viabilidad formal de la acci\u00f3n de amparo contra el Decreto 340\/25\u201d que pretend\u00eda limitar el derecho\u00a0<\/strong><strong>a realizar paros<\/strong> como medida de fuerza.<\/p>\n<p>\u201cQueremos destacar esta sentencia de amparo, favorable a nuestro sindicato, valorar el trabajo de nuestro equipo jur\u00eddico y\u00a0<strong>celebrar que una Justicia fuertemente cuestionada y desprestigiada, en este caso, ha fallado en favor de los trabajadores,<\/strong>\u00a0en tiempo y forma. <strong>Ha reconocido la inconstitucionalidad manifiesta de este decreto presidencial<\/strong>\u201d, asegur\u00f3 Aguiar, en declaraciones a Noticias Argentinas.<\/p>\n<p>En la misma l\u00ednea, se\u00f1al\u00f3 que, mediante esta sentencia de amparo, \u201cse frenan de manera inmediata los efectos jur\u00eddicos del DNU 340\u201d y que, adem\u00e1s, \u201cles dan la raz\u00f3n\u201d debido a que \u201chay un Congreso funcionando\u201d y\u00a0<strong>no existe \u201cni necesidad ni urgencia comprobada\u201d\u00a0<\/strong>como para que el Poder Ejecutivo, en esta materia en el que decidi\u00f3 legislar, pueda haber omitido el tratamiento del tr\u00e1mite parlamentario.<\/p>\n<p>Adem\u00e1s, indic\u00f3 que ese DNU\u00a0<strong>\u201cpon\u00eda en riesgo el ejercicio de todos los derechos derivados de la libertad sindical\u201d<\/strong>\u00a0porque el derecho a huelga \u201ces un derecho humano fundamental\u201d.<\/p>\n<p>\u201cEsto prueba que quedan vestigios de democracia en nuestro pa\u00eds. Ese r\u00e9gimen autoritario, que se intenta instaurar,\u00a0<strong>encuentra el l\u00edmite en aquellos sindicatos o en un movimiento obrero\u00a0<\/strong>que est\u00e1 decidido a luchar\u201d, plante\u00f3 Aguiar.<\/p>\n<p>Para finalizar, apunt\u00f3 contra el Presidente de la Naci\u00f3n y reafirm\u00f3 que debe saber \u201cque no le tienen miedo\u201d y que\u00a0<strong>\u201cno iban a aceptar semejante avance sobre los derechos laborales fundamentales\u201d<\/strong>: \u201cPretend\u00edan <strong>hacernos retroceder cien a\u00f1os, un siglo, y no pudieron<\/strong>\u201d, concluy\u00f3. <strong>(VW)<\/strong><\/p>\n<p>&nbsp;<\/p>\n","protected":false},"excerpt":{"rendered":"<p>Fue tras un amparo presentado por ATE. \u201cPretend\u00edan hacernos retroceder cien a\u00f1os, y no pudieron\u201d, dijo Aguiar.<\/p>\n","protected":false},"author":4,"featured_media":13000,"comment_status":"closed","ping_status":"closed","sticky":false,"template":"","format":"standard","meta":{"_monsterinsights_skip_tracking":false,"_monsterinsights_sitenote_active":false,"_monsterinsights_sitenote_note":"","_monsterinsights_sitenote_category":0,"footnotes":""},"categories":[4,5],"tags":[7454,2719,7745,16],"class_list":["post-18226","post","type-post","status-publish","format-standard","has-post-thumbnail","hentry","category-politica","category-sociedad","tag-aguiar","tag-ate","tag-freno-al-decreto-antihuelga","tag-justicia"],"_links":{"self":[{"href":"https:\/\/www.visionweb.com.ar\/index.php?rest_route=\/wp\/v2\/posts\/18226","targetHints":{"allow":["GET"]}}],"collection":[{"href":"https:\/\/www.visionweb.com.ar\/index.php?rest_route=\/wp\/v2\/posts"}],"about":[{"href":"https:\/\/www.visionweb.com.ar\/index.php?rest_route=\/wp\/v2\/types\/post"}],"author":[{"embeddable":true,"href":"https:\/\/www.visionweb.com.ar\/index.php?rest_route=\/wp\/v2\/users\/4"}],"replies":[{"embeddable":true,"href":"https:\/\/www.visionweb.com.ar\/index.php?rest_route=%2Fwp%2Fv2%2Fcomments&post=18226"}],"version-history":[{"count":1,"href":"https:\/\/www.visionweb.com.ar\/index.php?rest_route=\/wp\/v2\/posts\/18226\/revisions"}],"predecessor-version":[{"id":18227,"href":"https:\/\/www.visionweb.com.ar\/index.php?rest_route=\/wp\/v2\/posts\/18226\/revisions\/18227"}],"wp:featuredmedia":[{"embeddable":true,"href":"https:\/\/www.visionweb.com.ar\/index.php?rest_route=\/wp\/v2\/media\/13000"}],"wp:attachment":[{"href":"https:\/\/www.visionweb.com.ar\/index.php?rest_route=%2Fwp%2Fv2%2Fmedia&parent=18226"}],"wp:term":[{"taxonomy":"category","embeddable":true,"href":"https:\/\/www.visionweb.com.ar\/index.php?rest_route=%2Fwp%2Fv2%2Fcategories&post=18226"},{"taxonomy":"post_tag","embeddable":true,"href":"https:\/\/www.visionweb.com.ar\/index.php?rest_route=%2Fwp%2Fv2%2Ftags&post=18226"}],"curies":[{"name":"wp","href":"https:\/\/api.w.org\/{rel}","templated":true}]}}