{"id":18223,"date":"2025-06-03T11:28:28","date_gmt":"2025-06-03T14:28:28","guid":{"rendered":"https:\/\/www.visionweb.com.ar\/?p=18223"},"modified":"2025-06-03T11:28:28","modified_gmt":"2025-06-03T14:28:28","slug":"elecciones-la-importancia-de-la-tercera-seccion","status":"publish","type":"post","link":"https:\/\/www.visionweb.com.ar\/?p=18223","title":{"rendered":"Elecciones: La importancia de la Tercera Secci\u00f3n"},"content":{"rendered":"<p><em><strong>Hay casi 5 millones de electores habilitados para votar, este a\u00f1o renovar\u00e1 18 diputados provinciales, y ah\u00ed es donde apunta Cristina Kirchner, que llam\u00f3 a la \u00abunidad\u00bb.<\/strong><strong>\u00a0<\/strong><\/em><!--more--><\/p>\n<p><strong> <img loading=\"lazy\" decoding=\"async\" class=\"size-full wp-image-1288 alignright\" src=\"https:\/\/www.visionweb.com.ar\/wp-content\/uploads\/2021\/03\/Urna-elecciones.bmp\" alt=\"\" width=\"328\" height=\"267\" \/>\u00a0\u00a0 L<\/strong>as<strong> elecciones legislativas bonaerenses<\/strong>\u00a0del 7 de septiembre<strong>\u00a0por la Tercera secci\u00f3n electoral,<\/strong> cuenta con casi\u00a0<strong>5 millones de electores<\/strong>\u00a0habilitados para votar<strong>, por lo cual este segmento es valorado como la madre de las batallas con sus 19 municipios\u00a0ubicados al sur del conurbano bonaerense.\u00a0<\/strong><\/p>\n<p>En detalle, los<strong> 19 municipios\u00a0<\/strong>ubicados al sur del conurbano bonaerense\u00a0y zonas aleda\u00f1as<strong>, re\u00fane a 4.999.290<\/strong>\u00a0<strong>personas habilitadas para ir a las urnas<\/strong>. Algo\u00a0<strong>similar a la sumatoria de C\u00f3rdoba, Corrientes y Entre R\u00edos<\/strong>.<\/p>\n<p>Este a\u00f1o, el distrito<strong>\u00a0renovar\u00e1 18 diputados provinciales<\/strong>, lo que la convierte en una pieza clave para cualquier armado pol\u00edtico que busque mayor\u00edas en la Legislatura bonaerense.<\/p>\n<p>Actualmente, ocho de ellos son de\u00a0<strong>Uni\u00f3n por la Patria<\/strong>. Las restantes diez bancas se reparten entre el PRO, La Libertad Avanza, la Coalici\u00f3n C\u00edvica, el Frente de Izquierda y otros espacios menores.<\/p>\n<p><img loading=\"lazy\" decoding=\"async\" class=\"size-medium wp-image-18224 alignleft\" src=\"https:\/\/www.visionweb.com.ar\/wp-content\/uploads\/2025\/06\/era.-seccion-electoral-300x169.png\" alt=\"\" width=\"300\" height=\"169\" srcset=\"https:\/\/www.visionweb.com.ar\/wp-content\/uploads\/2025\/06\/era.-seccion-electoral-300x169.png 300w, https:\/\/www.visionweb.com.ar\/wp-content\/uploads\/2025\/06\/era.-seccion-electoral.png 695w\" sizes=\"auto, (max-width: 300px) 100vw, 300px\" \/>Este territorio est\u00e1 integrado por distritos clave con\u00a0<strong>La Matanza\u00a0<\/strong>a la cabeza, <strong>Almirante Brown, Avellaneda, Berazategui, Esteban Echeverr\u00eda, Ezeiza, Florencio Varela, Lan\u00fas, Lomas de Zamora\u00a0<\/strong>y<strong>\u00a0Quilmes<\/strong>. Pero, a su vez, por municipios de menor escala, aunque importantes, como\u00a0<strong>Berisso, Brandsen, Ca\u00f1uelas, Ensenada, Lobos, Magdalena, Presidente Per\u00f3n, Punta Indio\u00a0<\/strong>y<strong>\u00a0San Vicente.<\/strong><\/p>\n<p>Del total de <strong>distritos<\/strong> que componen la regi\u00f3n, <strong>17 est\u00e1n en manos del peronismo<\/strong> y s\u00f3lo dos son gobernados por el ahora extinguido Juntos por el Cambio: <strong>Lobos (PRO) y Magdalena (radicalismo)<\/strong>.<\/p>\n<p>En ese entorno, Cristina <strong>Fern\u00e1ndez de Kirchner<\/strong> sabe que es clave ser fuertes en esta secci\u00f3n. Y ah\u00ed es donde apunta: <strong>\u201cEs necesaria la unidad para poder ganar una elecci\u00f3n\u201d,\u00a0<\/strong>dijo, y con eso despej\u00f3 las dudas sobre si ser\u00e1 de la partida en una boleta bonaerense.<\/p>\n<p>Tambi\u00e9n jugar fuerte en la <strong>Primera Secci\u00f3n<\/strong>, donde aparece el nombre de <strong>Sergio Massa<\/strong> para encabezar la lista. De hecho,\u00a0<strong>en los \u00faltimos 39 a\u00f1os el peronismo (con sus variantes) en la Tercera solo afront\u00f3 una derrota:\u00a0<\/strong>1997.<\/p>\n<p>En\u00a0<strong>2021<\/strong>, la elecci\u00f3n con la que debe compararse esta contienda ya que son las bancas que se ponen en juego, el denominado\u00a0<strong>Frente de Todos cosech\u00f3 el 45,6% de los votos<\/strong>, seguido por Juntos con el 32,3%, la izquierda 7,7% y una naciente\u00a0<strong>fuerza libertaria con 6,9<\/strong>%. Sin embargo, en 2023, los resultados cambiaron y as\u00ed el mapa pol\u00edtico: el peronismo sac\u00f3 un muy buen 51,5%; pero seguido por La Libertad Avanza con 22,8% y despu\u00e9s Juntos por el Cambio con 21,1%.<\/p>\n<p>M\u00e1s all\u00e1 de la interna entre el kirchnerismo y el kicillofismo, los intendentes tienen en claro que una figura de peso, como el caso de Cristina, arrastra votos y ayuda tambi\u00e9n en la pelea en los concejos deliberantes, que renuevan\u00a0<strong>191 ediles en la Tercera.\u00a0<\/strong>Seg\u00fan los datos de la Junta Electoral de la provincia de Buenos Aires,<strong>\u00a0110\u00a0<\/strong>de ellos ingresaron hace cuatro a\u00f1os a trav\u00e9s de la boleta del ex\u00a0<strong>Frente de Todos<\/strong>. Por otra parte,\u00a0<strong>desde la Alianza Juntos llegaron 77<\/strong>. Mientras que por la izquierda y el vecinalismo fueron cuatro, dos por cada segmento. <strong>(VW)<\/strong><\/p>\n","protected":false},"excerpt":{"rendered":"<p>Hay casi 5 millones de electores habilitados para votar, este a\u00f1o renovar\u00e1 18 diputados provinciales, y ah\u00ed es donde apunta Cristina Kirchner, que llam\u00f3 a la \u00abunidad\u00bb.\u00a0<\/p>\n","protected":false},"author":4,"featured_media":1288,"comment_status":"closed","ping_status":"closed","sticky":false,"template":"","format":"standard","meta":{"_monsterinsights_skip_tracking":false,"_monsterinsights_sitenote_active":false,"_monsterinsights_sitenote_note":"","_monsterinsights_sitenote_category":0,"footnotes":""},"categories":[4],"tags":[7742,7744,874,7743,1161],"class_list":["post-18223","post","type-post","status-publish","format-standard","has-post-thumbnail","hentry","category-politica","tag-18-diputados-provinciales","tag-191-ediles","tag-cristina-kirchner","tag-renueva","tag-tercera-seccion"],"_links":{"self":[{"href":"https:\/\/www.visionweb.com.ar\/index.php?rest_route=\/wp\/v2\/posts\/18223","targetHints":{"allow":["GET"]}}],"collection":[{"href":"https:\/\/www.visionweb.com.ar\/index.php?rest_route=\/wp\/v2\/posts"}],"about":[{"href":"https:\/\/www.visionweb.com.ar\/index.php?rest_route=\/wp\/v2\/types\/post"}],"author":[{"embeddable":true,"href":"https:\/\/www.visionweb.com.ar\/index.php?rest_route=\/wp\/v2\/users\/4"}],"replies":[{"embeddable":true,"href":"https:\/\/www.visionweb.com.ar\/index.php?rest_route=%2Fwp%2Fv2%2Fcomments&post=18223"}],"version-history":[{"count":1,"href":"https:\/\/www.visionweb.com.ar\/index.php?rest_route=\/wp\/v2\/posts\/18223\/revisions"}],"predecessor-version":[{"id":18225,"href":"https:\/\/www.visionweb.com.ar\/index.php?rest_route=\/wp\/v2\/posts\/18223\/revisions\/18225"}],"wp:featuredmedia":[{"embeddable":true,"href":"https:\/\/www.visionweb.com.ar\/index.php?rest_route=\/wp\/v2\/media\/1288"}],"wp:attachment":[{"href":"https:\/\/www.visionweb.com.ar\/index.php?rest_route=%2Fwp%2Fv2%2Fmedia&parent=18223"}],"wp:term":[{"taxonomy":"category","embeddable":true,"href":"https:\/\/www.visionweb.com.ar\/index.php?rest_route=%2Fwp%2Fv2%2Fcategories&post=18223"},{"taxonomy":"post_tag","embeddable":true,"href":"https:\/\/www.visionweb.com.ar\/index.php?rest_route=%2Fwp%2Fv2%2Ftags&post=18223"}],"curies":[{"name":"wp","href":"https:\/\/api.w.org\/{rel}","templated":true}]}}