{"id":18217,"date":"2025-06-02T15:28:13","date_gmt":"2025-06-02T18:28:13","guid":{"rendered":"https:\/\/www.visionweb.com.ar\/?p=18217"},"modified":"2025-06-02T15:28:13","modified_gmt":"2025-06-02T18:28:13","slug":"por-unos-dias-se-modifican-las-paradas-de-los-colectivos","status":"publish","type":"post","link":"https:\/\/www.visionweb.com.ar\/?p=18217","title":{"rendered":"Por unos d\u00edas se modifican las paradas de los colectivos"},"content":{"rendered":"<p><em><strong>Son los que tienen su recorrido por la avenida Remedios de Escalada. L modificaci\u00f3n rige entre este lunes y le viernes.<\/strong><\/em> <!--more--><\/p>\n<p><img loading=\"lazy\" decoding=\"async\" class=\"size-medium wp-image-18218 alignleft\" src=\"https:\/\/www.visionweb.com.ar\/wp-content\/uploads\/2025\/06\/COLECTIVOS-PARADAS-300x200.jpeg\" alt=\"\" width=\"300\" height=\"200\" srcset=\"https:\/\/www.visionweb.com.ar\/wp-content\/uploads\/2025\/06\/COLECTIVOS-PARADAS-300x200.jpeg 300w, https:\/\/www.visionweb.com.ar\/wp-content\/uploads\/2025\/06\/COLECTIVOS-PARADAS.jpeg 640w\" sizes=\"auto, (max-width: 300px) 100vw, 300px\" \/>Algunas l\u00edneas de colectivos interurbanos, cuyo recorrido incluyen su paso por la avenida Remedios de Escalada, ver\u00e1n modificadas las ubicaciones de sus paradas.<\/p>\n<p>De acuerdo a lo informado por el municipio\u00a0 de Lan\u00fas, a partir de este lunes \u00a02 y hasta el hasta el viernes 6 de junio habr\u00e1 un cambio temporal en las paradas de algunas l\u00edneas de colectivos, hacia la ciudad de Buenos Aires y a la Provincia, en ambas manos.<\/p>\n<p>Las l\u00edneas que se ver\u00e1n afectadas durante esta semana ser\u00e1n 9, 70, 85, 160, 177 y 188, todas con destino final en la ciudad de Buenos Aires y con cabecera en Lan\u00fas y Claypole.<\/p>\n<p>Las nuevas ubicaciones ser\u00e1n las siguientes: mano a provincia, la parada de estas l\u00edneas de colectivo se ubicar\u00e1 en Av. Remedios de Escalada 4194; mientras que mano a CABA, estar\u00e1 en Av. Remedios de Escalada 4281, se\u00f1alo en un comunicado el municipio de Lna\u00fas<strong>(VW)<\/strong>.<\/p>\n<p>&nbsp;<\/p>\n","protected":false},"excerpt":{"rendered":"<p>Son los que tienen su recorrido por la avenida Remedios de Escalada. L modificaci\u00f3n rige entre este lunes y le viernes.<\/p>\n","protected":false},"author":3,"featured_media":18218,"comment_status":"closed","ping_status":"closed","sticky":false,"template":"","format":"standard","meta":{"_monsterinsights_skip_tracking":false,"_monsterinsights_sitenote_active":false,"_monsterinsights_sitenote_note":"","_monsterinsights_sitenote_category":0,"footnotes":""},"categories":[8],"tags":[705,4381,5393],"class_list":["post-18217","post","type-post","status-publish","format-standard","has-post-thumbnail","hentry","category-interes-general","tag-colectivos","tag-modificaciones","tag-paradas"],"_links":{"self":[{"href":"https:\/\/www.visionweb.com.ar\/index.php?rest_route=\/wp\/v2\/posts\/18217","targetHints":{"allow":["GET"]}}],"collection":[{"href":"https:\/\/www.visionweb.com.ar\/index.php?rest_route=\/wp\/v2\/posts"}],"about":[{"href":"https:\/\/www.visionweb.com.ar\/index.php?rest_route=\/wp\/v2\/types\/post"}],"author":[{"embeddable":true,"href":"https:\/\/www.visionweb.com.ar\/index.php?rest_route=\/wp\/v2\/users\/3"}],"replies":[{"embeddable":true,"href":"https:\/\/www.visionweb.com.ar\/index.php?rest_route=%2Fwp%2Fv2%2Fcomments&post=18217"}],"version-history":[{"count":1,"href":"https:\/\/www.visionweb.com.ar\/index.php?rest_route=\/wp\/v2\/posts\/18217\/revisions"}],"predecessor-version":[{"id":18219,"href":"https:\/\/www.visionweb.com.ar\/index.php?rest_route=\/wp\/v2\/posts\/18217\/revisions\/18219"}],"wp:featuredmedia":[{"embeddable":true,"href":"https:\/\/www.visionweb.com.ar\/index.php?rest_route=\/wp\/v2\/media\/18218"}],"wp:attachment":[{"href":"https:\/\/www.visionweb.com.ar\/index.php?rest_route=%2Fwp%2Fv2%2Fmedia&parent=18217"}],"wp:term":[{"taxonomy":"category","embeddable":true,"href":"https:\/\/www.visionweb.com.ar\/index.php?rest_route=%2Fwp%2Fv2%2Fcategories&post=18217"},{"taxonomy":"post_tag","embeddable":true,"href":"https:\/\/www.visionweb.com.ar\/index.php?rest_route=%2Fwp%2Fv2%2Ftags&post=18217"}],"curies":[{"name":"wp","href":"https:\/\/api.w.org\/{rel}","templated":true}]}}