{"id":18213,"date":"2025-06-02T12:06:20","date_gmt":"2025-06-02T15:06:20","guid":{"rendered":"https:\/\/www.visionweb.com.ar\/?p=18213"},"modified":"2025-06-02T12:06:20","modified_gmt":"2025-06-02T15:06:20","slug":"los-aumentos-que-llegaron-este-mes-combustibles-luz-gas-colectivos","status":"publish","type":"post","link":"https:\/\/www.visionweb.com.ar\/?p=18213","title":{"rendered":"Los aumentos que llegaron este mes: Combustibles, luz, gas, colectivos"},"content":{"rendered":"<p><em><strong>El gobierno nacional aument\u00f3 en junio 2,6 % tarifas de luz y gas natural, y 1 % para combustibles. Tambi\u00e9n aumenta Aysa en la provincia, y los colectivos, como estaba estipulado.<\/strong><\/em><!--more--><\/p>\n<p><strong> <img loading=\"lazy\" decoding=\"async\" class=\"size-full wp-image-7465 alignright\" src=\"https:\/\/www.visionweb.com.ar\/wp-content\/uploads\/2022\/09\/billetera-vacia.bmp\" alt=\"\" width=\"591\" height=\"372\" \/> \u00a0 E<\/strong>l gobierno nacional de\u00a0<strong>Javier Milei\u00a0<\/strong>defini\u00f3 para junio aumentos del<strong>\u00a02,6%\u00a0<\/strong>en las tarifas de\u00a0<strong>luz\u00a0<\/strong>y\u00a0<strong>gas natural<\/strong>, y del\u00a0<strong>1%<\/strong>\u00a0en los impuestos a los\u00a0<strong>combustibles<\/strong>, por lo que el precio de la nafta y el gasoil se ver\u00e1 afectado.<\/p>\n<p>La idea del Gobierno es apuntalar la desaceleraci\u00f3n de la inflaci\u00f3n para los pr\u00f3ximos meses, sin dejar de prever un ajuste fiscal. Seg\u00fan comunicaron desde el\u00a0<strong>Ministerio de Econom\u00eda<\/strong>, los cuadros tarifarios ser\u00e1n oficializados entrada esta semana.<\/p>\n<p>Vale recordar que, adem\u00e1s de los aumentos en los\u00a0<strong>combustibles<\/strong>, la\u00a0<strong>luz\u00a0<\/strong>y el\u00a0<strong>gas<\/strong>, en la provincia de Buenos Aires ambas subas estar\u00e1n acompa\u00f1ados por los <strong>incrementos del 1% en el servicio de agua que presta\u00a0AySA, y del 7% correspondiente a las l\u00edneas de colectivos nacionales<\/strong> que circulan por el \u00c1rea Metropolitana de Buenos Aires (<strong>AMBA<\/strong>).<\/p>\n<p>Con respecto a las facturas de luz en el\u00a0<strong>AMBA<\/strong>, que son cobradas por\u00a0<strong>Edesur<\/strong>\u00a0y\u00a0<strong>Edenor<\/strong>, \u00a0el\u00a0<strong>Ente Nacional Regulador de la Electricidad (<\/strong><strong><a href=\"https:\/\/www.argentina.gob.ar\/enre\">ENRE<\/a><\/strong><strong>)\u00a0<\/strong>oficializar\u00e1 un alza en torno al 2,6%, calculada en base a las \u00faltimas cifras inflacionarias mensuales.<\/p>\n<p>En el caso de<strong>\u00a0Ente Nacional Regulador del Gas (Enargas),\u00a0<\/strong>el aumento ser\u00e1 de hasta 2,8%, dependiendo de la zona en el pa\u00eds en la que se encuentre la distribuidora en cuesti\u00f3n<\/p>\n<p>Asimismo, el gobierno de\u00a0<strong>Milei\u00a0<\/strong>volvi\u00f3 a postergar los aumentos correspondientes a los impuestos a los combustibles l\u00edquidos (<strong>ICL<\/strong>) y al di\u00f3xido de carbono (<strong>IDC<\/strong>) y solo aplicar una suba del 1%. En marzo, se hab\u00eda recuperado el ajuste pendiente por la alta inflaci\u00f3n del \u00faltimo trimestre de 2023, pero a\u00fan quedan adeudados los cuatro trimestres del 2024 y el primero de 2025.<\/p>\n<p><strong>Colectivos del AMBA: A cu\u00e1nto se fueron<\/strong><\/p>\n<p>El gobierno de\u00a0<strong>Milei\u00a0<\/strong>tambi\u00e9n oficializ\u00f3 un nuevo\u00a0aumento para el boleto de colectivo en el \u00c1rea Metropolitana de Buenos Aires (<strong>AMBA<\/strong>) y para el<strong>\u00a0Gran La Plata\u00a0<\/strong>(<strong>La Plata, Berisso y Ensenada<\/strong>), por lo cual este mes de junio cuestan un\u00a0<strong>4,8%<\/strong>\u00a0m\u00e1s caro.<\/p>\n<p>El porcentaje del aumento en el boleto de colectivo, se calcul\u00f3 en base al \u00cdndice de Precios al Consumidor (<strong>IPC<\/strong>) del Instituto Nacional de Estad\u00edsticas y Censos (<strong>INDEC<\/strong>) correspondiente al mes de marzo, sumado a un 2% adicional.<\/p>\n<p>En ese sentido, para los usuarios del\u00a0<strong>Gran La Plata<\/strong>\u00a0que tienen la\u00a0<strong>SUBE\u00a0<\/strong>registrada, viajar de 0 a 3 kil\u00f3metros pasa a costar de $491,19 a $515,04, de 3 a 6 kil\u00f3metros, de $536,22 a $562,25; de 6 a 12 kil\u00f3metros, $580,24 a $608,41; de 12 a 27 Km, de $621,39 a $687,54; y m\u00e1s de 27 km, de $655,70 a $687,54.<\/p>\n<p>Del lado del\u00a0<strong>AMBA<\/strong>, los valores para las\u00a0<strong>SUBES<\/strong>\u00a0registradas quedaron de la siguiente forma: viajes de 0 a 3 kil\u00f3metros, $451,01 a $472,91, de 3 a 6 kil\u00f3metros, de $502,43 a $526,83; de 6 a 12 kil\u00f3metros, $541,13 a $567,41; de 12 a 27 Km, de $579,88 a $608,03; y m\u00e1s de 27 km, de $618,35 a $648,38. <strong>(VW)<\/strong><\/p>\n<p>&nbsp;<\/p>\n","protected":false},"excerpt":{"rendered":"<p>El gobierno nacional aument\u00f3 en junio 2,6 % tarifas de luz y gas natural, y 1 % para combustibles. Tambi\u00e9n aumenta Aysa en la provincia, y los colectivos, como estaba estipulado.<\/p>\n","protected":false},"author":4,"featured_media":7465,"comment_status":"closed","ping_status":"closed","sticky":false,"template":"","format":"standard","meta":{"_monsterinsights_skip_tracking":false,"_monsterinsights_sitenote_active":false,"_monsterinsights_sitenote_note":"","_monsterinsights_sitenote_category":0,"footnotes":""},"categories":[6,4],"tags":[7741],"class_list":["post-18213","post","type-post","status-publish","format-standard","has-post-thumbnail","hentry","category-economia","category-politica","tag-aumentos-tarifas-junio"],"_links":{"self":[{"href":"https:\/\/www.visionweb.com.ar\/index.php?rest_route=\/wp\/v2\/posts\/18213","targetHints":{"allow":["GET"]}}],"collection":[{"href":"https:\/\/www.visionweb.com.ar\/index.php?rest_route=\/wp\/v2\/posts"}],"about":[{"href":"https:\/\/www.visionweb.com.ar\/index.php?rest_route=\/wp\/v2\/types\/post"}],"author":[{"embeddable":true,"href":"https:\/\/www.visionweb.com.ar\/index.php?rest_route=\/wp\/v2\/users\/4"}],"replies":[{"embeddable":true,"href":"https:\/\/www.visionweb.com.ar\/index.php?rest_route=%2Fwp%2Fv2%2Fcomments&post=18213"}],"version-history":[{"count":1,"href":"https:\/\/www.visionweb.com.ar\/index.php?rest_route=\/wp\/v2\/posts\/18213\/revisions"}],"predecessor-version":[{"id":18214,"href":"https:\/\/www.visionweb.com.ar\/index.php?rest_route=\/wp\/v2\/posts\/18213\/revisions\/18214"}],"wp:featuredmedia":[{"embeddable":true,"href":"https:\/\/www.visionweb.com.ar\/index.php?rest_route=\/wp\/v2\/media\/7465"}],"wp:attachment":[{"href":"https:\/\/www.visionweb.com.ar\/index.php?rest_route=%2Fwp%2Fv2%2Fmedia&parent=18213"}],"wp:term":[{"taxonomy":"category","embeddable":true,"href":"https:\/\/www.visionweb.com.ar\/index.php?rest_route=%2Fwp%2Fv2%2Fcategories&post=18213"},{"taxonomy":"post_tag","embeddable":true,"href":"https:\/\/www.visionweb.com.ar\/index.php?rest_route=%2Fwp%2Fv2%2Ftags&post=18213"}],"curies":[{"name":"wp","href":"https:\/\/api.w.org\/{rel}","templated":true}]}}