{"id":18211,"date":"2025-06-02T11:23:33","date_gmt":"2025-06-02T14:23:33","guid":{"rendered":"https:\/\/www.visionweb.com.ar\/?p=18211"},"modified":"2025-06-02T11:23:33","modified_gmt":"2025-06-02T14:23:33","slug":"el-gobierno-ratifico-que-vetara-aumentos-en-jubilaciones-y-subsidios-por-discapacidad","status":"publish","type":"post","link":"https:\/\/www.visionweb.com.ar\/?p=18211","title":{"rendered":"El Gobierno ratific\u00f3 que vetar\u00e1 aumentos en jubilaciones y subsidios por discapacidad"},"content":{"rendered":"<p><em><strong>\u00abPor m\u00e1s que propongan un aumento de partidas no se puede aprobar una ley as\u00ed, y si lo hacen el Ejecutivo la va a vetar\u00bb, asegur\u00f3 Guillermo Francos.<\/strong><\/em><!--more--><\/p>\n<p><strong>\u00a0 <img loading=\"lazy\" decoding=\"async\" class=\"size-medium wp-image-12812 alignright\" src=\"https:\/\/www.visionweb.com.ar\/wp-content\/uploads\/2023\/12\/milei-y-francos-300x199.png\" alt=\"\" width=\"300\" height=\"199\" srcset=\"https:\/\/www.visionweb.com.ar\/wp-content\/uploads\/2023\/12\/milei-y-francos-300x199.png 300w, https:\/\/www.visionweb.com.ar\/wp-content\/uploads\/2023\/12\/milei-y-francos.png 543w\" sizes=\"auto, (max-width: 300px) 100vw, 300px\" \/>\u00a0 E<\/strong>l jefe de Gabinete,\u00a0<strong>Guillermo Francos,<\/strong>\u00a0anticip\u00f3 que si el Congreso <strong>aprueba los anunciados proyectos de aumentos previsionales, o mejoras en\u00a0los subsidios a la discapacidad<\/strong>,\u00a0el Poder <strong>Ejecutivo los vetar\u00e1<\/strong>.<\/p>\n<p><strong>En el parlamento nacional, los bloques opositores, sin la adhesi\u00f3n de\u00a0La Libertad Avanza\u00a0(LLA), buscar\u00e1n avanzar con un temario que contempla un aumento del 7,2% en\u00a0jubilaciones y pensiones, adem\u00e1s de elevar el bono extraordinario de $70.000 a entre $105.000 y $115.000.<\/strong><\/p>\n<p><strong>La C\u00e1mara de Diputados sesionar\u00e1 el mi\u00e9rcoles, a partir de las 12<\/strong>, por pedido del diputado de <strong>Uni\u00f3n por la Patria Germ\u00e1n Mart\u00ednez<\/strong> y otros legisladores a fin de tratar una serie de proyectos econ\u00f3mico-sociales.<\/p>\n<p><strong>\u201c<\/strong><strong>No existen los recursos, en particular del sistema previsional, donde tenemos un trabajador y medio activo por cada jubilado, as\u00ed que no se puede pagar<em>,\u00a0<\/em>por m\u00e1s que propongan un aumento de partidas no se puede aprobar una ley as\u00ed, y si lo hacen el Ejecutivo la va a vetar\u201d<\/strong><em>,<\/em>\u00a0adelant\u00f3 Frnacos.<\/p>\n<p><strong><img loading=\"lazy\" decoding=\"async\" class=\"size-medium wp-image-14023 alignleft\" src=\"https:\/\/www.visionweb.com.ar\/wp-content\/uploads\/2024\/03\/jubilados-3-300x185.png\" alt=\"\" width=\"300\" height=\"185\" srcset=\"https:\/\/www.visionweb.com.ar\/wp-content\/uploads\/2024\/03\/jubilados-3-300x185.png 300w, https:\/\/www.visionweb.com.ar\/wp-content\/uploads\/2024\/03\/jubilados-3.png 487w\" sizes=\"auto, (max-width: 300px) 100vw, 300px\" \/>Temario<\/strong><\/p>\n<ul>\n<li>OD 790. De Ley.<strong>\u00a0Incremento excepcional y de emergencia, equivalente al 7,2%, para las jubilaciones y pensiones abonadas por la Administraci\u00f3n Nacional de la Seguridad Social<\/strong>\u00a0\u2013ANSES\u2013. Otorgamiento y otras cuestiones conexas.<\/li>\n<li>OD 791. De Ley. Ley 27.705, de\u00a0<strong>Plan de Pago de Deuda Previsional y ley 27.260, de Reparaci\u00f3n Hist\u00f3rica para Jubilados y Pensionados.\u00a0<\/strong>Modificaci\u00f3n.<\/li>\n<li>OD 786. De Ley.\u00a0<strong>Emergencia en discapacidad<\/strong>\u00a0en todo el territorio nacional hasta el 31 de diciembre de 2027 inclusive. Declaraci\u00f3n.<\/li>\n<li>Expediente 2426-D-2025. De Ley. Decl\u00e1rase<strong>\u00a0zona de emergencia y en situaci\u00f3n de cat\u00e1strofe a los distritos de la provincia de Buenos Aires\u00a0<\/strong>afectados por las inundaciones del 16, 17 y 18 de mayo\u00a0de 2025.<\/li>\n<li>Expediente 2429-D-2025. De Ley. Decl\u00e1rase\u00a0<strong>zona de desastre y emergencia ambiental, econ\u00f3mica, social y productiva en los distritos<\/strong>\u00a0de la provincia de Buenos Aires afectados a ra\u00edz de las inundaciones del 16, 17 y 18 de mayo de 2025.<\/li>\n<li>Expediente 2437-D-2025. De Ley. Decl\u00e1rase\u00a0<strong>zona de desastre y emergencia ambiental, econ\u00f3mica, social, productiva y habitacional<\/strong>, por el t\u00e9rmino de 180 d\u00edas, prorrogables por igual plazo, para los diversos partidos de la provincia de Buenos Aires afectados por las inundaciones ocurridas del 16 al 18 de mayo de 2025.<\/li>\n<li>Expediente 2466-D-2025. De ley.\u00a0<strong>Decl\u00e1rase emergencia ambiental, h\u00eddrica, social, sanitaria, econ\u00f3mica, territorial y habitacional en las zonas del AMBA\u00a0<\/strong>afectadas por las inundaciones producidas desde el mes de abril de 2025.<\/li>\n<\/ul>\n<p>Por otro lado, Francos reiter\u00f3, adem\u00e1s, que esta semana estar\u00e1 listo el proyecto de ley que se enviar\u00e1 al Congreso para permitir que los ahorristas puedan utilizar d\u00f3lares no declarados para realizar compras de bienes sin que se les solicite a trav\u00e9s del ARCA el origen de esos fondos. <strong>(VW)<\/strong><\/p>\n","protected":false},"excerpt":{"rendered":"<p>\u00abPor m\u00e1s que propongan un aumento de partidas no se puede aprobar una ley as\u00ed, y si lo hacen el Ejecutivo la va a vetar\u00bb, asegur\u00f3 Guillermo Francos.<\/p>\n","protected":false},"author":4,"featured_media":12812,"comment_status":"closed","ping_status":"closed","sticky":false,"template":"","format":"standard","meta":{"_monsterinsights_skip_tracking":false,"_monsterinsights_sitenote_active":false,"_monsterinsights_sitenote_note":"","_monsterinsights_sitenote_category":0,"footnotes":""},"categories":[4,5],"tags":[143,7739,5967,7738,7740],"class_list":["post-18211","post","type-post","status-publish","format-standard","has-post-thumbnail","hentry","category-politica","category-sociedad","tag-diputados","tag-discapacitados","tag-francos","tag-proyectos-previsionales","tag-vetaran-aumentos"],"_links":{"self":[{"href":"https:\/\/www.visionweb.com.ar\/index.php?rest_route=\/wp\/v2\/posts\/18211","targetHints":{"allow":["GET"]}}],"collection":[{"href":"https:\/\/www.visionweb.com.ar\/index.php?rest_route=\/wp\/v2\/posts"}],"about":[{"href":"https:\/\/www.visionweb.com.ar\/index.php?rest_route=\/wp\/v2\/types\/post"}],"author":[{"embeddable":true,"href":"https:\/\/www.visionweb.com.ar\/index.php?rest_route=\/wp\/v2\/users\/4"}],"replies":[{"embeddable":true,"href":"https:\/\/www.visionweb.com.ar\/index.php?rest_route=%2Fwp%2Fv2%2Fcomments&post=18211"}],"version-history":[{"count":1,"href":"https:\/\/www.visionweb.com.ar\/index.php?rest_route=\/wp\/v2\/posts\/18211\/revisions"}],"predecessor-version":[{"id":18212,"href":"https:\/\/www.visionweb.com.ar\/index.php?rest_route=\/wp\/v2\/posts\/18211\/revisions\/18212"}],"wp:featuredmedia":[{"embeddable":true,"href":"https:\/\/www.visionweb.com.ar\/index.php?rest_route=\/wp\/v2\/media\/12812"}],"wp:attachment":[{"href":"https:\/\/www.visionweb.com.ar\/index.php?rest_route=%2Fwp%2Fv2%2Fmedia&parent=18211"}],"wp:term":[{"taxonomy":"category","embeddable":true,"href":"https:\/\/www.visionweb.com.ar\/index.php?rest_route=%2Fwp%2Fv2%2Fcategories&post=18211"},{"taxonomy":"post_tag","embeddable":true,"href":"https:\/\/www.visionweb.com.ar\/index.php?rest_route=%2Fwp%2Fv2%2Ftags&post=18211"}],"curies":[{"name":"wp","href":"https:\/\/api.w.org\/{rel}","templated":true}]}}