{"id":18208,"date":"2025-06-02T11:11:17","date_gmt":"2025-06-02T14:11:17","guid":{"rendered":"https:\/\/www.visionweb.com.ar\/?p=18208"},"modified":"2025-06-02T11:12:02","modified_gmt":"2025-06-02T14:12:02","slug":"continuan-las-protestas-en-puente-la-noria-por-el-cierre-de-la-salada","status":"publish","type":"post","link":"https:\/\/www.visionweb.com.ar\/?p=18208","title":{"rendered":"Contin\u00faan las protestas en Puente La Noria por el cierre de La Salada"},"content":{"rendered":"<p><strong><em>El bloqueo, que se registra desde las primeras horas de la ma\u00f1ana, ocurre en Puente La Noria, que une la Provincia con la Capital Federal.<\/em><\/strong><!--more--><\/p>\n<p><img loading=\"lazy\" decoding=\"async\" class=\"size-medium wp-image-18209 alignright\" src=\"https:\/\/www.visionweb.com.ar\/wp-content\/uploads\/2025\/06\/PROTESTAS-LA-SALADA-300x142.png\" alt=\"\" width=\"300\" height=\"142\" srcset=\"https:\/\/www.visionweb.com.ar\/wp-content\/uploads\/2025\/06\/PROTESTAS-LA-SALADA-300x142.png 300w, https:\/\/www.visionweb.com.ar\/wp-content\/uploads\/2025\/06\/PROTESTAS-LA-SALADA-520x245.png 520w, https:\/\/www.visionweb.com.ar\/wp-content\/uploads\/2025\/06\/PROTESTAS-LA-SALADA.png 640w\" sizes=\"auto, (max-width: 300px) 100vw, 300px\" \/>Este lunes se reiniciaron las protestas de los trabajadores por el cierre de la feria La Salada, en Lomas de Zamora, en medio de un fuerte operativo policial a cargo de la Polic\u00eda Federal y, en las \u00faltimas horas se sumaba la polic\u00eda de la provincia de Buenos Aires.<\/p>\n<p>La\u00a0 tradicional feria fue cerrada la semana pasada por una investigaci\u00f3n judicial, mientras que los manifestantes cortaron totalmente el Puente La Noria.<\/p>\n<p>El bloqueo, que se registra desde las primeras horas de la ma\u00f1ana, ocurre en Puente La Noria, que une la Provincia con la Capital Federal.<\/p>\n<p>\u201cSomos mujeres solas\u201d, reza uno de los carteles, mientras que otro renueva el reclamo por la posibilidad de trabajar para poder comprar alimentos para su familia. \u201cNo a la clausura, el trabajo es un derecho\u201d, se\u00f1ala otro de los carteles.<\/p>\n<p>Los trabajadores comenzaron con las protestas la semana pasada, pero frente a la falta de respuestas, se apostaron este lunes en Puente La Noria para visibilizar el reclamo.<\/p>\n<p>M\u00e1xima tensi\u00f3n por la presencia de un cord\u00f3n de seguridad de la Polic\u00eda Federal, tal como se vio durante los \u00faltimos d\u00edas, pero tambi\u00e9n se sumaron efectivos de Prefectura<strong>(VW\/Inforegi\u00f3n)<\/strong>.<\/p>\n","protected":false},"excerpt":{"rendered":"<p>El bloqueo, que se registra desde las primeras horas de la ma\u00f1ana, ocurre en Puente La Noria, que une la Provincia con la Capital Federal.<\/p>\n","protected":false},"author":3,"featured_media":18209,"comment_status":"closed","ping_status":"closed","sticky":false,"template":"","format":"standard","meta":{"_monsterinsights_skip_tracking":false,"_monsterinsights_sitenote_active":false,"_monsterinsights_sitenote_note":"","_monsterinsights_sitenote_category":0,"footnotes":""},"categories":[8],"tags":[2579,7737],"class_list":["post-18208","post","type-post","status-publish","format-standard","has-post-thumbnail","hentry","category-interes-general","tag-feria","tag-la-salada"],"_links":{"self":[{"href":"https:\/\/www.visionweb.com.ar\/index.php?rest_route=\/wp\/v2\/posts\/18208","targetHints":{"allow":["GET"]}}],"collection":[{"href":"https:\/\/www.visionweb.com.ar\/index.php?rest_route=\/wp\/v2\/posts"}],"about":[{"href":"https:\/\/www.visionweb.com.ar\/index.php?rest_route=\/wp\/v2\/types\/post"}],"author":[{"embeddable":true,"href":"https:\/\/www.visionweb.com.ar\/index.php?rest_route=\/wp\/v2\/users\/3"}],"replies":[{"embeddable":true,"href":"https:\/\/www.visionweb.com.ar\/index.php?rest_route=%2Fwp%2Fv2%2Fcomments&post=18208"}],"version-history":[{"count":1,"href":"https:\/\/www.visionweb.com.ar\/index.php?rest_route=\/wp\/v2\/posts\/18208\/revisions"}],"predecessor-version":[{"id":18210,"href":"https:\/\/www.visionweb.com.ar\/index.php?rest_route=\/wp\/v2\/posts\/18208\/revisions\/18210"}],"wp:featuredmedia":[{"embeddable":true,"href":"https:\/\/www.visionweb.com.ar\/index.php?rest_route=\/wp\/v2\/media\/18209"}],"wp:attachment":[{"href":"https:\/\/www.visionweb.com.ar\/index.php?rest_route=%2Fwp%2Fv2%2Fmedia&parent=18208"}],"wp:term":[{"taxonomy":"category","embeddable":true,"href":"https:\/\/www.visionweb.com.ar\/index.php?rest_route=%2Fwp%2Fv2%2Fcategories&post=18208"},{"taxonomy":"post_tag","embeddable":true,"href":"https:\/\/www.visionweb.com.ar\/index.php?rest_route=%2Fwp%2Fv2%2Ftags&post=18208"}],"curies":[{"name":"wp","href":"https:\/\/api.w.org\/{rel}","templated":true}]}}