{"id":18204,"date":"2025-06-02T10:24:48","date_gmt":"2025-06-02T13:24:48","guid":{"rendered":"https:\/\/www.visionweb.com.ar\/?p=18204"},"modified":"2025-06-02T10:25:38","modified_gmt":"2025-06-02T13:25:38","slug":"kicillof-lanza-su-espacio-politico","status":"publish","type":"post","link":"https:\/\/www.visionweb.com.ar\/?p=18204","title":{"rendered":"Kicillof lanza su espacio pol\u00edtico"},"content":{"rendered":"<p><em><strong>Pidi\u00f3 al kirchnerismo que respalde su gesti\u00f3n con la descripci\u00f3n. El gobernador bonaerense hizo una llamado a la construcci\u00f3n de un frente pol\u00edtico amplio.<\/strong><\/em>\u00a0 <!--more--><\/p>\n<p><img loading=\"lazy\" decoding=\"async\" class=\"size-medium wp-image-18205 alignleft\" src=\"https:\/\/www.visionweb.com.ar\/wp-content\/uploads\/2025\/06\/KICILLOF-LANZA-SU-AGRUPACION-POLITICA-300x200.png\" alt=\"\" width=\"300\" height=\"200\" srcset=\"https:\/\/www.visionweb.com.ar\/wp-content\/uploads\/2025\/06\/KICILLOF-LANZA-SU-AGRUPACION-POLITICA-300x200.png 300w, https:\/\/www.visionweb.com.ar\/wp-content\/uploads\/2025\/06\/KICILLOF-LANZA-SU-AGRUPACION-POLITICA.png 640w\" sizes=\"auto, (max-width: 300px) 100vw, 300px\" \/>Tras el despegue de las elecciones bonaerenses, de las nacionales, que ser\u00e1n en octubre, Axel Kicillof lanz\u00f3 este s\u00e1bado su espacio pol\u00edtico, el <strong>Movimiento Derecho al Futuro,<\/strong> en un acto en el que<strong> combin\u00f3 duras cr\u00edticas a la pol\u00edtica econ\u00f3mica de Javier Milei.<\/strong><\/p>\n<p><strong>En el acto que se realiz\u00f3 en el camping de UPCN, con aluciones directas a la interna<\/strong> que sostiene con Cristina Kirchner, busc\u00f3 posicionarse con miras a las elecciones presidenciales de 2017. .<\/p>\n<p>\u201cBajar la inflaci\u00f3n es d\u00f3lar planchado, salario destrozado\u201d, le dedic\u00f3 al Presidente, mientras que el tramo en el que se\u00f1al\u00f3 \u201ccomo dijo el General, el peronismo nunca fue sectario\u201d y la frase \u201cla discusi\u00f3n no es por un lugar en las listas, es por un lugar en la historia\u201d, estuvieron dedicados a la ex mandataria. Cerr\u00f3 con un llamado a construir un frente anti libertario que supere las barreras del PJ.<\/p>\n<p>\u201c<strong>Estamos en una l\u00ednea de largada, en un momento fundacional: hoy nos ponemos en movimiento y cada vez somos m\u00e1s<\/strong>\u201d, dijo Kicillof en el discurso de cierre de la jornada del MDF en el camping de UPCN en La Plata, ante unos 40 mil militantes, en un escenario en el que apareci\u00f3 acompa\u00f1ado de intendentes. Fue una demostraci\u00f3n de fuerza en medio de una pelea con Cristina que escal\u00f3 al punto de que por ahora siguen suspendidas las negociaciones para integrar listas conjuntas este a\u00f1o, pese al anuncio de un pre acuerdo de unidad entre La Libertad Avanza y el PRO.<\/p>\n<p>Kicillof asumi\u00f3 atributos de l\u00edder al formular \u00e9l mismo el llamado a la construcci\u00f3n de un frente pol\u00edtico amplio para enfrentar a los libertarios: \u201cc<strong>onvocamos a todos, a los que militan, a los que perdieron el entusiasmo, a los que se vieron ofendidos por Milei<\/strong>\u201d.<\/p>\n<p>Al describirlo, pareci\u00f3 diferenciarlo de La C\u00e1mpora y el kirchnerimo duro: \u201cLo que necesitamos es un movimiento con los brazos abiertos. <strong>Nace el MDF.<\/strong> Y como dec\u00eda el General, <strong>el movimiento jam\u00e1s fue excluyente, jam\u00e1s fue sectario\u201d.<\/strong> Ah\u00ed, pidi\u00f3 \u201chablarle a la gente\u201d y no a los pol\u00edticos, al mismo tiempo que afirm\u00f3 que el \u201cmovimiento que viene es de abajo para arriba\u201d.<\/p>\n<p><strong>A Cristina la respald\u00f3 con nombre y apellido por los \u00faltimos reveses judiciales que recibi\u00f3 la ex presidenta<\/strong>. \u201cRecrudece la persecuci\u00f3n judicial. Sin pruebas, parece que quieren condenar de nuevo a Cristina\u201d, dijo. Agreg\u00f3 que \u201cDesde ac\u00e1 dejamos en claro: basta de persecuci\u00f3n, basta de partido judicial\u201d.<\/p>\n<p><strong>\u201cEl \u00fanico adversario que tenemos es Javier Milei. Y est\u00e1 afuera, no adentro\u201d, dijo en ese contexcto.<\/strong><\/p>\n<p>En otro pasaje anud\u00f3 el reclamo interno para que el kirchnerismo respalde su gesti\u00f3n con la descripci\u00f3n de su gesti\u00f3n como un modelo alternativo a lo que hace Milei. \u201c<strong>No se trata de defenderme a m\u00ed, se trata de defender las obras que seguimos haciendo, la salud y la educaci\u00f3n p\u00fablica, la inversi\u00f3n en seguridad, la industria bonaerense y los puestos de trabajo<\/strong>\u201d, dijo Kicillof.<\/p>\n<p><strong>\u201cLo que est\u00e1 en juego ac\u00e1 es que la motosierra no cruce la General Paz, que no entre a la provincia de Buenos Aires.<\/strong>\u00a0Por eso hoy tambi\u00e9n, desde nuestro movimiento, convocamos a todos los sectores a formar un gran frente bonaerense, un frente por la salud, por la educaci\u00f3n, por la seguridad, por la producci\u00f3n, por el trabajo\u201d, defini\u00f3.<\/p>\n<p><strong>\u201cEs con todos los sectores y con participaci\u00f3n\u201d,\u00a0<\/strong>resalt\u00f3 Kicillof.\u00a0 \u201cTenemos una misi\u00f3n que es ir a buscar a los desmoralizados\u201d, sentenci\u00f3 el gobernador bonaerense, en alusi\u00f3n directa a una parte del peronismo que le reclama haber separado los comicios en la provincia. Su mensaje llega, adem\u00e1s, en pleno fuego cruzado entre camporistas y kicillofistas por el armado de las listas.<\/p>\n<h4 class=\"wp-block-heading\"><strong>Cr\u00edticas a Milei<\/strong><\/h4>\n<p>El gobernador dedic\u00f3 varios tramos de su mensaje a confrontar contra Milei y las pol\u00edticas que el presidente aplica. \u201cAlgunos dicen que Milei est\u00e1 ordenando la macroeconom\u00eda. No es un modelo novedoso el que se est\u00e1 llevando adelante: e<strong>l modelo de Milei es la continuidad de Mart\u00ednez de Hoz, de Domingo Cavallo y de Macri<\/strong>\u201d, dijo.\u00a0<strong>\u201cLa baja de la inflaci\u00f3n tiene dos explicaciones: d\u00f3lar planchado y salario destrozado<\/strong>\u201d, agreg\u00f3.<\/p>\n<p>El mandatario bonaerense cuestion\u00f3 el relato del mileismo al afirmar que hoy en Argentina \u201c<strong>la casta festeja, brinda, lo aplaude a Milei, mientras el pueblo sufre<\/strong>\u201d, y se\u00f1alar que en la econom\u00eda \u201cLo\u00fanico que anda en este modelo es la especulaci\u00f3n financiera. Ah\u00ed va lo que le falta al jubilado, el laburante\u201d. Record\u00f3 en otro tramo al papa Francisco.<\/p>\n<p>\u201cNo hay democracia con hambre, no hay desarrollo con pobreza y menos justicia con inequidad.\u00a0<strong>Por eso no lo quer\u00eda el Papa a Milei\u00a0<\/strong>y por eso nosotros lo extra\u00f1amos tanto\u201d, a\u00f1adi\u00f3.<\/p>\n<p>Como hizo desde que asumi\u00f3 el presidente Milei, Kicillof dijo que las pol\u00edticas de su gobierno son la contracara de las nacionales. \u201cEn la provincia de Buenos Aires nos oponemos a Milei con una gesti\u00f3n y con un Estado presente que no les suelta la mano a los y las bonaerense\u201d, dijo.<\/p>\n<p><strong>\u201cNo hay orden en una econom\u00eda en la que no se llega a fin de mes\u00a0<\/strong>y hay temor a perder el empleo. No hay equilibrio si los jubilados no pueden comprarse los remedios y si se reprime al que piensa distinto. Eso es explotaci\u00f3n, saqueo y tobo al que labura#, dijo el Gobernador<strong>(VW)<\/strong>.<\/p>\n<p>&nbsp;<\/p>\n","protected":false},"excerpt":{"rendered":"<p>Pidi\u00f3 al kirchnerismo que respalde su gesti\u00f3n con la descripci\u00f3n. El gobernador bonaerense hizo una llamado a la construcci\u00f3n de un frente pol\u00edtico amplio.\u00a0<\/p>\n","protected":false},"author":3,"featured_media":18205,"comment_status":"closed","ping_status":"closed","sticky":false,"template":"","format":"standard","meta":{"_monsterinsights_skip_tracking":false,"_monsterinsights_sitenote_active":false,"_monsterinsights_sitenote_note":"","_monsterinsights_sitenote_category":0,"footnotes":""},"categories":[4],"tags":[7736,1143,167,4530,3912],"class_list":["post-18204","post","type-post","status-publish","format-standard","has-post-thumbnail","hentry","category-politica","tag-agrupacion","tag-cristina","tag-kicillof","tag-milei","tag-politica"],"_links":{"self":[{"href":"https:\/\/www.visionweb.com.ar\/index.php?rest_route=\/wp\/v2\/posts\/18204","targetHints":{"allow":["GET"]}}],"collection":[{"href":"https:\/\/www.visionweb.com.ar\/index.php?rest_route=\/wp\/v2\/posts"}],"about":[{"href":"https:\/\/www.visionweb.com.ar\/index.php?rest_route=\/wp\/v2\/types\/post"}],"author":[{"embeddable":true,"href":"https:\/\/www.visionweb.com.ar\/index.php?rest_route=\/wp\/v2\/users\/3"}],"replies":[{"embeddable":true,"href":"https:\/\/www.visionweb.com.ar\/index.php?rest_route=%2Fwp%2Fv2%2Fcomments&post=18204"}],"version-history":[{"count":2,"href":"https:\/\/www.visionweb.com.ar\/index.php?rest_route=\/wp\/v2\/posts\/18204\/revisions"}],"predecessor-version":[{"id":18207,"href":"https:\/\/www.visionweb.com.ar\/index.php?rest_route=\/wp\/v2\/posts\/18204\/revisions\/18207"}],"wp:featuredmedia":[{"embeddable":true,"href":"https:\/\/www.visionweb.com.ar\/index.php?rest_route=\/wp\/v2\/media\/18205"}],"wp:attachment":[{"href":"https:\/\/www.visionweb.com.ar\/index.php?rest_route=%2Fwp%2Fv2%2Fmedia&parent=18204"}],"wp:term":[{"taxonomy":"category","embeddable":true,"href":"https:\/\/www.visionweb.com.ar\/index.php?rest_route=%2Fwp%2Fv2%2Fcategories&post=18204"},{"taxonomy":"post_tag","embeddable":true,"href":"https:\/\/www.visionweb.com.ar\/index.php?rest_route=%2Fwp%2Fv2%2Ftags&post=18204"}],"curies":[{"name":"wp","href":"https:\/\/api.w.org\/{rel}","templated":true}]}}