{"id":18199,"date":"2025-05-30T16:40:04","date_gmt":"2025-05-30T19:40:04","guid":{"rendered":"https:\/\/www.visionweb.com.ar\/?p=18199"},"modified":"2025-05-30T16:48:10","modified_gmt":"2025-05-30T19:48:10","slug":"se-retrajo-la-produccion-industrial-bonaerense-en-febrero","status":"publish","type":"post","link":"https:\/\/www.visionweb.com.ar\/?p=18199","title":{"rendered":"Se retrajo la producci\u00f3n industrial bonaerense en febrero"},"content":{"rendered":"<p><em><strong>Son nueve de once las actividades medidas por el Monitor de Actividad de la UIPBA que mostraron retracciones en febrero.<\/strong><\/em><!--more--><\/p>\n<p><img loading=\"lazy\" decoding=\"async\" class=\"size-medium wp-image-12370 alignright\" src=\"https:\/\/www.visionweb.com.ar\/wp-content\/uploads\/2023\/10\/industria-300x120.png\" alt=\"\" width=\"300\" height=\"120\" srcset=\"https:\/\/www.visionweb.com.ar\/wp-content\/uploads\/2023\/10\/industria-300x120.png 300w, https:\/\/www.visionweb.com.ar\/wp-content\/uploads\/2023\/10\/industria.png 639w\" sizes=\"auto, (max-width: 300px) 100vw, 300px\" \/>Pese al entusiasmo con el que el Gobierno se asegura que la econom\u00eda comenz\u00f3 a crecer en los \u00faltimos meses, un informe de la Uni\u00f3n Industrial de la Provincia de Buenos Aires asegura que solo 2 de once actividades medida mostraron crecimiento.<\/p>\n<p>En febrero la actividad industrial de la PBA registr\u00f3 una ca\u00edda interanual de -6,9%, mientras que el \u00edndice desestacionalizado indic\u00f3 una suba del 6,5% (respecto a enero).<\/p>\n<p>En este sentido, para el primer bimestre acumul\u00f3 una ca\u00edda del -11,1% en comparaci\u00f3n al mismo periodo del a\u00f1o pasado.<\/p>\n<p>Luego de que todos los sectores registraran contracciones interanuales, en febrero fueron nueve de once los que tuvieron ca\u00eddas en su producci\u00f3n.\u00a0Las excepciones fueron Alimentos y bebidas (+6,9%) y Tabaco (+13,4%).<\/p>\n<p>Las mayores se presentaron en Metales comunes (-39,4% i.a.), Minerales no met\u00e1licos (-18,6% i.a.) y Caucho y pl\u00e1stico (-14,8% i.a.), que present\u00f3 el febrero con menor nivel de actividad desde 2012.<\/p>\n<p>En cuanto a las exportaciones de la PBA, los datos de marzo mostraron el tercer incremento interanual consecutivo (+5,9%).<\/p>\n<p>Este fue traccionado por los Productos Primarios, las MOA y Combustible y Energ\u00eda, que crecieron un 32,4% i.a, 6,0% i.a. y 16,2% i.a., respectivamente.\u00a0En contraste, cayeron un -7,4% i.a. las exportaciones de las MOI.<\/p>\n<p>Los resultados de la II Encuesta 2024 reflejaron el menor desempe\u00f1o de la actividad industrial. A partir del relevamiento a m\u00e1s de 1.200 empresas, se observaron mayores ca\u00eddas en los niveles de producci\u00f3n, ventas al mercado interno, exportaciones y empleo.<\/p>\n<p>Con estos datos, el \u00edndice MDI (Monitor de Desempe\u00f1o Industrial) se ubic\u00f3 en niveles de contracci\u00f3n por octava vez consecutiva: 35,5 y cay\u00f3 -4,9 p.p en t\u00e9rminos interanuales. Sobre este punto de partida, mejoran las expectativas de cara al futuro.<\/p>\n<p>Finalmente, los datos adelantados de abril muestran una nueva ca\u00edda en el patentamiento de autos (-5,9% i.a.), traccionada por una disminuci\u00f3n s\u00f3lo de veh\u00edculos nacionales (los importados crecieron un 4,8% i.a.), y motos (-4,2% i.a.).\u00a0El patentamiento de m\u00e1quinas tambi\u00e9n cay\u00f3 respecto al a\u00f1o pasado (-32,3% i.a.)<strong>(VW).<\/strong><\/p>\n","protected":false},"excerpt":{"rendered":"<p>Son nueve de once las actividades medidas por el Monitor de Actividad de la UIPBA que mostraron retracciones en febrero.<\/p>\n","protected":false},"author":3,"featured_media":12370,"comment_status":"closed","ping_status":"closed","sticky":false,"template":"","format":"standard","meta":{"_monsterinsights_skip_tracking":false,"_monsterinsights_sitenote_active":false,"_monsterinsights_sitenote_note":"","_monsterinsights_sitenote_category":0,"footnotes":""},"categories":[749],"tags":[7735,33],"class_list":["post-18199","post","type-post","status-publish","format-standard","has-post-thumbnail","hentry","category-pymes","tag-caida-minerales","tag-produccion"],"_links":{"self":[{"href":"https:\/\/www.visionweb.com.ar\/index.php?rest_route=\/wp\/v2\/posts\/18199","targetHints":{"allow":["GET"]}}],"collection":[{"href":"https:\/\/www.visionweb.com.ar\/index.php?rest_route=\/wp\/v2\/posts"}],"about":[{"href":"https:\/\/www.visionweb.com.ar\/index.php?rest_route=\/wp\/v2\/types\/post"}],"author":[{"embeddable":true,"href":"https:\/\/www.visionweb.com.ar\/index.php?rest_route=\/wp\/v2\/users\/3"}],"replies":[{"embeddable":true,"href":"https:\/\/www.visionweb.com.ar\/index.php?rest_route=%2Fwp%2Fv2%2Fcomments&post=18199"}],"version-history":[{"count":3,"href":"https:\/\/www.visionweb.com.ar\/index.php?rest_route=\/wp\/v2\/posts\/18199\/revisions"}],"predecessor-version":[{"id":18202,"href":"https:\/\/www.visionweb.com.ar\/index.php?rest_route=\/wp\/v2\/posts\/18199\/revisions\/18202"}],"wp:featuredmedia":[{"embeddable":true,"href":"https:\/\/www.visionweb.com.ar\/index.php?rest_route=\/wp\/v2\/media\/12370"}],"wp:attachment":[{"href":"https:\/\/www.visionweb.com.ar\/index.php?rest_route=%2Fwp%2Fv2%2Fmedia&parent=18199"}],"wp:term":[{"taxonomy":"category","embeddable":true,"href":"https:\/\/www.visionweb.com.ar\/index.php?rest_route=%2Fwp%2Fv2%2Fcategories&post=18199"},{"taxonomy":"post_tag","embeddable":true,"href":"https:\/\/www.visionweb.com.ar\/index.php?rest_route=%2Fwp%2Fv2%2Ftags&post=18199"}],"curies":[{"name":"wp","href":"https:\/\/api.w.org\/{rel}","templated":true}]}}