{"id":18193,"date":"2025-05-29T14:33:46","date_gmt":"2025-05-29T17:33:46","guid":{"rendered":"https:\/\/www.visionweb.com.ar\/?p=18193"},"modified":"2025-05-29T14:33:46","modified_gmt":"2025-05-29T17:33:46","slug":"el-gobierno-rechaza-el-reclamo-del-garrahan","status":"publish","type":"post","link":"https:\/\/www.visionweb.com.ar\/?p=18193","title":{"rendered":"El gobierno rechaza el reclamo del Garrahan"},"content":{"rendered":"<p><em><strong>Adem\u00e1s neg\u00f3 el desfinanciamiento y asegur\u00f3 que: \u201ces una mentira\u201d.\u00a0Mientras los m\u00e9dicos realizan un paro y movilizaci\u00f3n, Manuel Adorni asegur\u00f3 que el hospital tiene equilibrio financiero.<\/strong><\/em><!--more--><\/p>\n<p><img loading=\"lazy\" decoding=\"async\" class=\"size-medium wp-image-18194 alignright\" src=\"https:\/\/www.visionweb.com.ar\/wp-content\/uploads\/2025\/05\/GARRAHAM-300x169.png\" alt=\"\" width=\"300\" height=\"169\" srcset=\"https:\/\/www.visionweb.com.ar\/wp-content\/uploads\/2025\/05\/GARRAHAM-300x169.png 300w, https:\/\/www.visionweb.com.ar\/wp-content\/uploads\/2025\/05\/GARRAHAM.png 640w\" sizes=\"auto, (max-width: 300px) 100vw, 300px\" \/>En medio del paro de 24 horas que llevan adelante los trabajadores del Hospital Garrahan, el Gobierno Nacional neg\u00f3 el desfinanciamiento de la instituci\u00f3n y atribuy\u00f3 los problemas a una mala administraci\u00f3n interna.<\/p>\n<p>\u201cEl Hospital Garrahan no est\u00e1 desfinanciado, es una mentira\u201d, asegur\u00f3 este jueves el vocero presidencial, Manuel Adorni, durante su habitual conferencia de prensa.<\/p>\n<p>El funcionario sostuvo que el hospital pedi\u00e1trico \u201ctiene equilibrio en sus cuentas, equilibrio financiero\u201d y remarc\u00f3 que el presupuesto asignado para 2024 es un 10% superior al de 2023.<\/p>\n<p>Sin embargo, apunt\u00f3 contra la gesti\u00f3n interna: \u201cLos recursos est\u00e1n mal utilizados y hay una desproporci\u00f3n absoluta entre el personal m\u00e9dico y administrativo\u201d. Tambi\u00e9n critic\u00f3 que \u201cen los \u00faltimos 10 a\u00f1os se incrementaron un 59% los cargos jer\u00e1rquicos para favorecer a la propia pol\u00edtica\u201d.<\/p>\n<p>Pese a esto, Adorni reconoci\u00f3 que el reclamo salarial de los m\u00e9dicos \u201ces entendible\u201d. \u201cArgentina es un pa\u00eds donde hace mucho tiempo los m\u00e9dicos deber\u00edan ganar m\u00e1s, los polic\u00edas deber\u00edan ganar m\u00e1s y los docentes deber\u00edan ganar m\u00e1s. Negarlo ser\u00eda no entender lo que pasa\u201d, afirm\u00f3.<\/p>\n<p>Los trabajadores del Garrahan mantienen la medida de fuerza con una movilizaci\u00f3n al Ministerio de Salud de la Naci\u00f3n, en reclamo por aumentos salariales, mejores condiciones laborales y denuncias de vaciamiento. Seg\u00fan los gremios, m\u00e1s de 200 profesionales ya renunciaron en lo que va del a\u00f1o y hay 500 camas sin cobertura adecuada por falta de personal<strong>(VW)<\/strong>.<\/p>\n","protected":false},"excerpt":{"rendered":"<p>Adem\u00e1s neg\u00f3 el desfinanciamiento y asegur\u00f3 que: \u201ces una mentira\u201d.\u00a0Mientras los m\u00e9dicos realizan un paro y movilizaci\u00f3n, Manuel Adorni asegur\u00f3 que el hospital tiene equilibrio financiero.<\/p>\n","protected":false},"author":3,"featured_media":18194,"comment_status":"closed","ping_status":"closed","sticky":false,"template":"","format":"standard","meta":{"_monsterinsights_skip_tracking":false,"_monsterinsights_sitenote_active":false,"_monsterinsights_sitenote_note":"","_monsterinsights_sitenote_category":0,"footnotes":""},"categories":[8],"tags":[954,677,252],"class_list":["post-18193","post","type-post","status-publish","format-standard","has-post-thumbnail","hentry","category-interes-general","tag-financiamiento","tag-medicos","tag-paro"],"_links":{"self":[{"href":"https:\/\/www.visionweb.com.ar\/index.php?rest_route=\/wp\/v2\/posts\/18193","targetHints":{"allow":["GET"]}}],"collection":[{"href":"https:\/\/www.visionweb.com.ar\/index.php?rest_route=\/wp\/v2\/posts"}],"about":[{"href":"https:\/\/www.visionweb.com.ar\/index.php?rest_route=\/wp\/v2\/types\/post"}],"author":[{"embeddable":true,"href":"https:\/\/www.visionweb.com.ar\/index.php?rest_route=\/wp\/v2\/users\/3"}],"replies":[{"embeddable":true,"href":"https:\/\/www.visionweb.com.ar\/index.php?rest_route=%2Fwp%2Fv2%2Fcomments&post=18193"}],"version-history":[{"count":1,"href":"https:\/\/www.visionweb.com.ar\/index.php?rest_route=\/wp\/v2\/posts\/18193\/revisions"}],"predecessor-version":[{"id":18195,"href":"https:\/\/www.visionweb.com.ar\/index.php?rest_route=\/wp\/v2\/posts\/18193\/revisions\/18195"}],"wp:featuredmedia":[{"embeddable":true,"href":"https:\/\/www.visionweb.com.ar\/index.php?rest_route=\/wp\/v2\/media\/18194"}],"wp:attachment":[{"href":"https:\/\/www.visionweb.com.ar\/index.php?rest_route=%2Fwp%2Fv2%2Fmedia&parent=18193"}],"wp:term":[{"taxonomy":"category","embeddable":true,"href":"https:\/\/www.visionweb.com.ar\/index.php?rest_route=%2Fwp%2Fv2%2Fcategories&post=18193"},{"taxonomy":"post_tag","embeddable":true,"href":"https:\/\/www.visionweb.com.ar\/index.php?rest_route=%2Fwp%2Fv2%2Ftags&post=18193"}],"curies":[{"name":"wp","href":"https:\/\/api.w.org\/{rel}","templated":true}]}}