{"id":18188,"date":"2025-05-29T12:31:31","date_gmt":"2025-05-29T15:31:31","guid":{"rendered":"https:\/\/www.visionweb.com.ar\/?p=18188"},"modified":"2025-05-29T12:39:07","modified_gmt":"2025-05-29T15:39:07","slug":"anses-se-retrasa-el-pago-del-aguinaldo-para-algunos-jubilados","status":"publish","type":"post","link":"https:\/\/www.visionweb.com.ar\/?p=18188","title":{"rendered":"ANSES: Se retrasa el pago del aguinaldo para algunos jubilados"},"content":{"rendered":"<p><strong><em>Un grupo de jubilados deber\u00e1 esperar hasta el 1 de julio para cobrar el aguinaldo, seg\u00fan el calendario oficial de ANSES<\/em><\/strong><!--more--><\/p>\n<p><img loading=\"lazy\" decoding=\"async\" class=\"size-medium wp-image-14115 alignright\" src=\"https:\/\/www.visionweb.com.ar\/wp-content\/uploads\/2024\/04\/ANSES-ABRIL-300x169.png\" alt=\"\" width=\"300\" height=\"169\" srcset=\"https:\/\/www.visionweb.com.ar\/wp-content\/uploads\/2024\/04\/ANSES-ABRIL-300x169.png 300w, https:\/\/www.visionweb.com.ar\/wp-content\/uploads\/2024\/04\/ANSES-ABRIL.png 640w\" sizes=\"auto, (max-width: 300px) 100vw, 300px\" \/>Un grupo de jubilados que no cobran la asignaci\u00f3n m\u00ednima, percibir\u00e1n sus haberes, m\u00e1s el medio aguinaldo, a partir del 1 de junio, seg\u00fan corresponda a la terminaci\u00f3n de su documento.<\/p>\n<p>La Administraci\u00f3n Nacional de la Seguridad Social (ANSES) ya defini\u00f3 el cronograma de pagos para junio 2025. Mientras la mayor\u00eda de los jubilados recibir\u00e1 su haber mensual, junto con el bono de refuerzo y el medio aguinaldo, u<strong>n sector deber\u00e1 esperar un poco m\u00e1s para acceder al Sueldo Anual Complementario (SAC).<\/strong><\/p>\n<p><strong>El retraso no se debe a una modificaci\u00f3n en el esquema de liquidaci\u00f3n, sino al orden de pago habitual seg\u00fan la terminaci\u00f3n del DNI\u00a0<\/strong>y el tipo de haber. Este detalle pas\u00f3 desapercibido para muchos beneficiarios, que esperaban recibir el total en la misma fecha que los haberes m\u00ednimos.<\/p>\n<p>A diferencia de quienes perciben la m\u00ednima a partir del\u00a0 9 de junio,\u00a0, este segmento del padr\u00f3n se ubica al final del calendario y recibe tanto el haber mensual como el SAC reci\u00e9n en el arranque del mes siguiente.<\/p>\n<p><strong>Cu\u00e1ndo se paga el aguinaldo a los dem\u00e1s jubilados<\/strong><\/p>\n<p>El cronograma de pagos de ANSES para junio 2025 establece las siguientes fechas:<\/p>\n<p><strong>\u00a0que perciben haberes m\u00ednimos:<\/strong><\/p>\n<div id=\"lx_645403\" class=\"__lxG__multi __lxG__multi_lx_645403 __lxG__geo_ar __lxG__size_fixed __lxG__refreshing_block __lxG__display_prevented __lxG__rendered_none\" data-cnt=\"2\" data-original-id=\"642328\" data-base-original-id=\"642326\" data-width=\"728\" data-height=\"120\">\n<div id=\"div-gpt-ad-21816944056-2\" data-google-query-id=\"COK0uKn6yI0DFVU5uQYdlVMirg\">\n<ul>\n<li>DNI 0 al 4 \u279d del 9 al 13 de junio<\/li>\n<li>DNI 5 al 9 \u279d del 17 al 24 de junio<\/li>\n<\/ul>\n<p><strong>Jubilados que superan el haber m\u00ednimo:<\/strong><\/p>\n<ul>\n<li>DNI 0 y 1 \u279d 25 de junio<\/li>\n<li>DNI 2 y 3 \u279d 26 de junio<\/li>\n<li>DNI 4 y 5 \u279d 27 de junio<\/li>\n<li>DNI 6 y 7 \u279d 28 de junio<\/li>\n<li><strong>DNI 8 y 9 \u279d 1 de julio<\/strong><\/li>\n<\/ul>\n<h2>Qu\u00e9 incluye el pago de junio<\/h2>\n<p>Los jubilados con haberes m\u00ednimos recibir\u00e1n hasta $527.042, producto de:<\/p>\n<ul>\n<li>Jubilaci\u00f3n m\u00ednima: $304.695<\/li>\n<li>Bono de $70.000<\/li>\n<li>Aguinaldo estimado: $152.347<\/li>\n<\/ul>\n<p>El aguinaldo, o SAC, equivale al 50 % del mejor haber mensual entre enero y junio (sin incluir el bono, que es un ingreso extraordinario)<strong>(VW)<\/strong><\/p>\n<\/div>\n<\/div>\n<p>&nbsp;<\/p>\n","protected":false},"excerpt":{"rendered":"<p>Un grupo de jubilados deber\u00e1 esperar hasta el 1 de julio para cobrar el aguinaldo, seg\u00fan el calendario oficial de ANSES<\/p>\n","protected":false},"author":3,"featured_media":14115,"comment_status":"closed","ping_status":"closed","sticky":false,"template":"","format":"standard","meta":{"_monsterinsights_skip_tracking":false,"_monsterinsights_sitenote_active":false,"_monsterinsights_sitenote_note":"","_monsterinsights_sitenote_category":0,"footnotes":""},"categories":[1822],"tags":[7734,4356],"class_list":["post-18188","post","type-post","status-publish","format-standard","has-post-thumbnail","hentry","category-internacionales","tag-anses-jubilaciones","tag-fechas"],"_links":{"self":[{"href":"https:\/\/www.visionweb.com.ar\/index.php?rest_route=\/wp\/v2\/posts\/18188","targetHints":{"allow":["GET"]}}],"collection":[{"href":"https:\/\/www.visionweb.com.ar\/index.php?rest_route=\/wp\/v2\/posts"}],"about":[{"href":"https:\/\/www.visionweb.com.ar\/index.php?rest_route=\/wp\/v2\/types\/post"}],"author":[{"embeddable":true,"href":"https:\/\/www.visionweb.com.ar\/index.php?rest_route=\/wp\/v2\/users\/3"}],"replies":[{"embeddable":true,"href":"https:\/\/www.visionweb.com.ar\/index.php?rest_route=%2Fwp%2Fv2%2Fcomments&post=18188"}],"version-history":[{"count":4,"href":"https:\/\/www.visionweb.com.ar\/index.php?rest_route=\/wp\/v2\/posts\/18188\/revisions"}],"predecessor-version":[{"id":18192,"href":"https:\/\/www.visionweb.com.ar\/index.php?rest_route=\/wp\/v2\/posts\/18188\/revisions\/18192"}],"wp:featuredmedia":[{"embeddable":true,"href":"https:\/\/www.visionweb.com.ar\/index.php?rest_route=\/wp\/v2\/media\/14115"}],"wp:attachment":[{"href":"https:\/\/www.visionweb.com.ar\/index.php?rest_route=%2Fwp%2Fv2%2Fmedia&parent=18188"}],"wp:term":[{"taxonomy":"category","embeddable":true,"href":"https:\/\/www.visionweb.com.ar\/index.php?rest_route=%2Fwp%2Fv2%2Fcategories&post=18188"},{"taxonomy":"post_tag","embeddable":true,"href":"https:\/\/www.visionweb.com.ar\/index.php?rest_route=%2Fwp%2Fv2%2Ftags&post=18188"}],"curies":[{"name":"wp","href":"https:\/\/api.w.org\/{rel}","templated":true}]}}