{"id":18184,"date":"2025-05-28T09:55:39","date_gmt":"2025-05-28T12:55:39","guid":{"rendered":"https:\/\/www.visionweb.com.ar\/?p=18184"},"modified":"2025-05-28T09:55:39","modified_gmt":"2025-05-28T12:55:39","slug":"sigue-el-conflicto-en-el-garrahan-toda-la-planta-se-sumara-al-paro-de-residentes","status":"publish","type":"post","link":"https:\/\/www.visionweb.com.ar\/?p=18184","title":{"rendered":"Sigue el conflicto en el Garrahan: Toda la planta se sumar\u00e1 al paro de residentes"},"content":{"rendered":"<p><strong><em>El personal de planta se suma el jueves al paro por tiempo indeterminado que est\u00e1n realizando los residentes. Denuncian el vaciamiento del hospital.<\/em><\/strong><!--more--><\/p>\n<p><img loading=\"lazy\" decoding=\"async\" class=\"size-medium wp-image-18185 alignright\" src=\"https:\/\/www.visionweb.com.ar\/wp-content\/uploads\/2025\/05\/garrahan-conflicto-300x158.png\" alt=\"\" width=\"300\" height=\"158\" srcset=\"https:\/\/www.visionweb.com.ar\/wp-content\/uploads\/2025\/05\/garrahan-conflicto-300x158.png 300w, https:\/\/www.visionweb.com.ar\/wp-content\/uploads\/2025\/05\/garrahan-conflicto.png 631w\" sizes=\"auto, (max-width: 300px) 100vw, 300px\" \/>\u00a0\u00a0\u00a0 <strong>L<\/strong>os trabajadores del hospital pedi\u00e1trico Garrahan\u00a0<strong>resolvieron en una masiva asamblea, que toda la planta se acople el jueves 29 de mayo al paro que los residentes llevan a cabo por tiempo indeterminado. <\/strong><\/p>\n<p><strong>A la vez, se movilizar\u00e1n al Ministerio de Salud. <\/strong>La medida de fuerza se decidi\u00f3 en\u00a0<strong>una asamblea\u00a0<\/strong>realizada el martes en el Aula Magna del Hospital Garrahan.<\/p>\n<p>\u201c<strong>En ella participaron residentes y trabajadoras y trabajadores de la planta de todas las profesiones y oficios que hacen funcionar al hospital. La resoluci\u00f3n fue un\u00e1nime, expresando que hemos llegado a una situaci\u00f3n l\u00edmite de vaciamiento y asfixia salarial.\u00a0<\/strong>Los residentes ya est\u00e1n de paro por tiempo indeterminado porque sus salarios no cubren la l\u00ednea de pobreza. El personal de planta se suma no solo por solidaridad, sino tambi\u00e9n porque padecemos la misma situaci\u00f3n. Para dar un ejemplo, un enfermero con 10 a\u00f1os de antig\u00fcedad en el principal hospital pedi\u00e1trico del pa\u00eds no llega a los 900 mil pesos\u201d inform\u00f3 Alejandro Lipcovich, trabajador y secretario general de la Junta Interna de ATE.<\/p>\n<p>La semana pasada, residentes del Garrahan realizaron un paro por 72 horas. Al comienzo de esta semana, se volvi\u00f3 a definir el cese de tareas, pero esta vez por tiempo indeterminado.<\/p>\n<p>\u201cLa situaci\u00f3n lleg\u00f3 a un l\u00edmite dram\u00e1tico, porque los salarios de hambre y las malas condiciones laborales no solo nos afectan a los trabajadores y trabajadoras del Garrahan. Sufrimos un \u00e9xodo de personal, inclu\u00eddos profesionales de alt\u00edsima calificaci\u00f3n, lo cual vac\u00eda las capacidades de atenci\u00f3n de este hospital modelo. Las v\u00edctimas son cientos de miles de ni\u00f1os y ni\u00f1as, que junto a sus familias acuden a lo largo del a\u00f1o al Garrahan. Es evidente que Lugones y los funcionarios que nombr\u00f3 en el Garrahan (El Kik, Menehem, Dalmazzo y P\u00e9rez) est\u00e1n decididos a vaciar el hospital a cualquier costo\u201d agreg\u00f3 Lipcovich.<\/p>\n<p>\u201cUna lucha de fondo\u201d<\/p>\n<p>Gerardo Oroz, trabajador de la Farmacia del hospital y secretario adjunto de la Junta Interna de ATE, se\u00f1al\u00f3, por su parte que est\u00e1n \u201cen una lucha de fondo\u201d. \u201c<strong>Milei y Lugones no disimulan su prop\u00f3sito de liquidar la salud p\u00fablica<\/strong>. Por eso, la pelea que se desarrolla en el Garrahan debe hacerse extensiva al resto del personal de salud y a la poblaci\u00f3n trabajadora en general. Llamamos a la comunidad a sumarse\u201d, indic\u00f3.<\/p>\n<p><strong>Los residentes siguen de paro por tiempo indeterminado y el personal de planta se suma al paro el pr\u00f3ximo jueves.<\/strong>\u00a0Desde las 13 horas, habr\u00e1 una movilizaci\u00f3n unificada hacia el Ministerio de Salud. <strong>(VW)<\/strong><\/p>\n<p>&nbsp;<\/p>\n","protected":false},"excerpt":{"rendered":"<p>El personal de planta se suma el jueves al paro por tiempo indeterminado que est\u00e1n realizando los residentes. Denuncian el vaciamiento del hospital.<\/p>\n","protected":false},"author":4,"featured_media":18185,"comment_status":"closed","ping_status":"closed","sticky":false,"template":"","format":"standard","meta":{"_monsterinsights_skip_tracking":false,"_monsterinsights_sitenote_active":false,"_monsterinsights_sitenote_note":"","_monsterinsights_sitenote_category":0,"footnotes":""},"categories":[4,5],"tags":[7730,7733,7731,7732],"class_list":["post-18184","post","type-post","status-publish","format-standard","has-post-thumbnail","hentry","category-politica","category-sociedad","tag-conflicto-hospital-garrahan","tag-jueves-29-mayo","tag-paro-residentes","tag-todo-el-personal"],"_links":{"self":[{"href":"https:\/\/www.visionweb.com.ar\/index.php?rest_route=\/wp\/v2\/posts\/18184","targetHints":{"allow":["GET"]}}],"collection":[{"href":"https:\/\/www.visionweb.com.ar\/index.php?rest_route=\/wp\/v2\/posts"}],"about":[{"href":"https:\/\/www.visionweb.com.ar\/index.php?rest_route=\/wp\/v2\/types\/post"}],"author":[{"embeddable":true,"href":"https:\/\/www.visionweb.com.ar\/index.php?rest_route=\/wp\/v2\/users\/4"}],"replies":[{"embeddable":true,"href":"https:\/\/www.visionweb.com.ar\/index.php?rest_route=%2Fwp%2Fv2%2Fcomments&post=18184"}],"version-history":[{"count":1,"href":"https:\/\/www.visionweb.com.ar\/index.php?rest_route=\/wp\/v2\/posts\/18184\/revisions"}],"predecessor-version":[{"id":18186,"href":"https:\/\/www.visionweb.com.ar\/index.php?rest_route=\/wp\/v2\/posts\/18184\/revisions\/18186"}],"wp:featuredmedia":[{"embeddable":true,"href":"https:\/\/www.visionweb.com.ar\/index.php?rest_route=\/wp\/v2\/media\/18185"}],"wp:attachment":[{"href":"https:\/\/www.visionweb.com.ar\/index.php?rest_route=%2Fwp%2Fv2%2Fmedia&parent=18184"}],"wp:term":[{"taxonomy":"category","embeddable":true,"href":"https:\/\/www.visionweb.com.ar\/index.php?rest_route=%2Fwp%2Fv2%2Fcategories&post=18184"},{"taxonomy":"post_tag","embeddable":true,"href":"https:\/\/www.visionweb.com.ar\/index.php?rest_route=%2Fwp%2Fv2%2Ftags&post=18184"}],"curies":[{"name":"wp","href":"https:\/\/api.w.org\/{rel}","templated":true}]}}