{"id":18178,"date":"2025-05-27T12:14:51","date_gmt":"2025-05-27T15:14:51","guid":{"rendered":"https:\/\/www.visionweb.com.ar\/?p=18178"},"modified":"2025-05-27T12:16:33","modified_gmt":"2025-05-27T15:16:33","slug":"mas-de-12-mil-personas-celebraron-el-mate-y-la-patria-en-una-exitosa-primera-edicion-de-expo-mate","status":"publish","type":"post","link":"https:\/\/www.visionweb.com.ar\/?p=18178","title":{"rendered":"M\u00e1s de 12 mil personas celebraron el mate y la patria en una exitosa primera edici\u00f3n de Expo Mate"},"content":{"rendered":"<p><em>\u00a0<strong>La gran pe\u00f1a folcl\u00f3rica del domingo 25 de mayo fue el broche de oro para esta edici\u00f3n inaugural, con una variedad de artistas folcl\u00f3ricos, que le pusieron m\u00fasica y emoci\u00f3n a una jornada cargada de identidad.<\/strong><\/em><!--more--><\/p>\n<p><img loading=\"lazy\" decoding=\"async\" class=\"size-medium wp-image-18179 alignright\" src=\"https:\/\/www.visionweb.com.ar\/wp-content\/uploads\/2025\/05\/EXPOMATE-300x225.jpg\" alt=\"\" width=\"300\" height=\"225\" srcset=\"https:\/\/www.visionweb.com.ar\/wp-content\/uploads\/2025\/05\/EXPOMATE-300x225.jpg 300w, https:\/\/www.visionweb.com.ar\/wp-content\/uploads\/2025\/05\/EXPOMATE-320x240.jpg 320w, https:\/\/www.visionweb.com.ar\/wp-content\/uploads\/2025\/05\/EXPOMATE.jpg 640w\" sizes=\"auto, (max-width: 300px) 100vw, 300px\" \/>Con dos jornadas en las que el sol dijo presente, el Centro Municipal de Exposiciones de San Isidro fue testigo de un evento inolvidable. M\u00e1s de 12 mil personas participaron de la primera edici\u00f3n de Expo Mate, una verdadera fiesta popular que celebr\u00f3 la tradici\u00f3n matera argentina con m\u00fasica en vivo, gastronom\u00eda regional, artesan\u00edas, charlas, talleres y un clima de encuentro y alegr\u00eda.<\/p>\n<p>Durante el fin de semana del 24 y 25 de mayo, familias, amigos y visitantes de distintos puntos del pa\u00eds y lim\u00edtrofes se acercaron a compartir este ritual que nos une, <strong>mientras colaboraban con una causa solidaria, ya que el total de lo recaudado en venta de entradas fue destinado al Hospital Materno Infantil \u201cDr. Carlos Arturo Gianantonio\u201d de San Isidro.<\/strong><\/p>\n<p><strong>Antes de finalizar la segunda jornada, Cirilo Wagener, fundador de El Tero y organizador de Expo Mate, destac\u00f3 que<\/strong> \u201ce<em>stamos profundamente agradecidos con cada persona que se acerc\u00f3, con cada familia que eligi\u00f3 pasar el fin de semana en Expo Mate. Gracias a ellos, no solo celebramos una tradici\u00f3n que nos identifica, sino que tambi\u00e9n dimos una mano a quienes m\u00e1s lo necesitan. Con su entrada, se ayud\u00f3 al Hospital Materno Infantil. Seguramente nos encontraremos en una nueva edici\u00f3n de Expo Mate, tal vez antes de que finalice el a\u00f1o, \u00a0para seguir compartiendo lo que m\u00e1s nos une: el mate\u201d.<\/em><\/p>\n<p><em>\u00a0<\/em>La gran pe\u00f1a folcl\u00f3rica del domingo 25 de mayo fue el broche de oro para esta edici\u00f3n inaugural, con una variedad de artistas folcl\u00f3ricos, que le pusieron m\u00fasica y emoci\u00f3n a una jornada cargada de identidad, cultura y tradici\u00f3n. Entre mates, locro, guiso, empanadas y pastelitos, miles de personas celebraron lo que somos, en un ambiente familiar y festivo.<\/p>\n<p>Expo Mate tambi\u00e9n fue una gran vidriera para emprendedores, productores y artesanos del mundo matero. Muchas marcas de yerba ofrecieron degustaciones y propuestas especiales en el Patio Yerbatero. Adem\u00e1s, hubo una destacada presencia de emprendedores de mates, bombillas y accesorios, y un patio de comidas con sabores aut\u00f3ctonos.<\/p>\n<p>Mate, matecitos, matienzo, mateo\u2026 Unos amargos; unos dulces\u2026 En mate de madera, de calabaza, de hueso, guampa o aspa, de ca\u00f1a, cer\u00e1mica o porcelana, hasta de silicona, vidrio y ahora tambi\u00e9n de acero. <strong>Expo Mate 2025 ya dio su primer gran paso.(VW)<\/strong><\/p>\n","protected":false},"excerpt":{"rendered":"<p>\u00a0La gran pe\u00f1a folcl\u00f3rica del domingo 25 de mayo fue el broche de oro para esta edici\u00f3n inaugural, con una variedad de artistas folcl\u00f3ricos, que le pusieron m\u00fasica y emoci\u00f3n a una jornada cargada&#46;&#46;&#46;<\/p>\n","protected":false},"author":3,"featured_media":18179,"comment_status":"closed","ping_status":"closed","sticky":false,"template":"","format":"standard","meta":{"_monsterinsights_skip_tracking":false,"_monsterinsights_sitenote_active":false,"_monsterinsights_sitenote_note":"","_monsterinsights_sitenote_category":0,"footnotes":""},"categories":[7,8],"tags":[1535,109,4502],"class_list":["post-18178","post","type-post","status-publish","format-standard","has-post-thumbnail","hentry","category-educacion-y-cultura","category-interes-general","tag-fiesta","tag-mate","tag-patria"],"_links":{"self":[{"href":"https:\/\/www.visionweb.com.ar\/index.php?rest_route=\/wp\/v2\/posts\/18178","targetHints":{"allow":["GET"]}}],"collection":[{"href":"https:\/\/www.visionweb.com.ar\/index.php?rest_route=\/wp\/v2\/posts"}],"about":[{"href":"https:\/\/www.visionweb.com.ar\/index.php?rest_route=\/wp\/v2\/types\/post"}],"author":[{"embeddable":true,"href":"https:\/\/www.visionweb.com.ar\/index.php?rest_route=\/wp\/v2\/users\/3"}],"replies":[{"embeddable":true,"href":"https:\/\/www.visionweb.com.ar\/index.php?rest_route=%2Fwp%2Fv2%2Fcomments&post=18178"}],"version-history":[{"count":1,"href":"https:\/\/www.visionweb.com.ar\/index.php?rest_route=\/wp\/v2\/posts\/18178\/revisions"}],"predecessor-version":[{"id":18180,"href":"https:\/\/www.visionweb.com.ar\/index.php?rest_route=\/wp\/v2\/posts\/18178\/revisions\/18180"}],"wp:featuredmedia":[{"embeddable":true,"href":"https:\/\/www.visionweb.com.ar\/index.php?rest_route=\/wp\/v2\/media\/18179"}],"wp:attachment":[{"href":"https:\/\/www.visionweb.com.ar\/index.php?rest_route=%2Fwp%2Fv2%2Fmedia&parent=18178"}],"wp:term":[{"taxonomy":"category","embeddable":true,"href":"https:\/\/www.visionweb.com.ar\/index.php?rest_route=%2Fwp%2Fv2%2Fcategories&post=18178"},{"taxonomy":"post_tag","embeddable":true,"href":"https:\/\/www.visionweb.com.ar\/index.php?rest_route=%2Fwp%2Fv2%2Ftags&post=18178"}],"curies":[{"name":"wp","href":"https:\/\/api.w.org\/{rel}","templated":true}]}}