{"id":18166,"date":"2025-05-26T10:46:20","date_gmt":"2025-05-26T13:46:20","guid":{"rendered":"https:\/\/www.visionweb.com.ar\/?p=18166"},"modified":"2025-05-26T10:46:20","modified_gmt":"2025-05-26T13:46:20","slug":"en-junio-habra-dos-fines-de-semana-largos","status":"publish","type":"post","link":"https:\/\/www.visionweb.com.ar\/?p=18166","title":{"rendered":"En junio habr\u00e1 dos fines de semana largos"},"content":{"rendered":"<p><em><strong>Los feriados de junio son el lunes 16 por el Paso a la Inmortalidad del General Don Mart\u00edn Miguel de G\u00fcemes, y el viernes 20 que conmemora a Manuel Belgrano.<\/strong><\/em><!--more--><\/p>\n<p><strong>\u00a0\u00a0 <img loading=\"lazy\" decoding=\"async\" class=\"size-medium wp-image-7663 alignright\" src=\"https:\/\/www.visionweb.com.ar\/wp-content\/uploads\/2022\/10\/calendario-feriados-300x198.jpg\" alt=\"\" width=\"300\" height=\"198\" srcset=\"https:\/\/www.visionweb.com.ar\/wp-content\/uploads\/2022\/10\/calendario-feriados-300x198.jpg 300w, https:\/\/www.visionweb.com.ar\/wp-content\/uploads\/2022\/10\/calendario-feriados.bmp 620w\" sizes=\"auto, (max-width: 300px) 100vw, 300px\" \/>\u00a0\u00a0 E<\/strong>l\u00a0<strong>calendario oficial de feriados de la Rep\u00fablica Argentina<\/strong>\u00a0contiene todas las fechas conmemorativas, y e<strong>n el sexto mes del a\u00f1o, habr\u00e1 dos fines de semana largos.<\/strong><\/p>\n<p>Se trata de los feriados del\u00a0<strong>lunes 16 de junio<\/strong>, por el Paso a la Inmortalidad del <strong>General Don Mart\u00edn Miguel de G\u00fcemes<\/strong>, que es el martes 17 pero se adelanta al lunes, y del\u00a0<strong>viernes 20 de junio<\/strong>, por el Paso a la Inmortalidad del <strong>General Manuel Belgrano<\/strong>.<\/p>\n<p>Cabe recordar, que para\u00a0este a\u00f1o el <strong>Gobierno sac\u00f3 feriados con fines tur\u00edsticos y los cambi\u00f3 por \u201cd\u00edas no laborales\u201d<\/strong>, de todas maneras, el calendario oficial\u00a0establece en junio <strong>dos fines de semana largos consecutivos<\/strong>, que forman una semana laboral de apenas tres d\u00edas.<\/p>\n<p>As\u00ed, en esa semana\u00a0<strong>s\u00f3lo se trabajan los d\u00edas martes 17, mi\u00e9rcoles 18 y jueves 19 de junio<\/strong>.<\/p>\n<ul>\n<li>Lunes 16 de junio: Paso a la Inmortalidad del Gral. Don Mart\u00edn Miguel de G\u00fcemes (trasladado del 17\/6).<\/li>\n<li>Viernes 20 de junio: Paso a la Inmortalidad del Gral. Manuel Belgrano. <strong>(VW)<\/strong><\/li>\n<\/ul>\n<p>&nbsp;<\/p>\n","protected":false},"excerpt":{"rendered":"<p>Los feriados de junio son el lunes 16 por el Paso a la Inmortalidad del General Don Mart\u00edn Miguel de G\u00fcemes, y el viernes 20 que conmemora a Manuel Belgrano.<\/p>\n","protected":false},"author":4,"featured_media":7663,"comment_status":"closed","ping_status":"closed","sticky":false,"template":"","format":"standard","meta":{"_monsterinsights_skip_tracking":false,"_monsterinsights_sitenote_active":false,"_monsterinsights_sitenote_note":"","_monsterinsights_sitenote_category":0,"footnotes":""},"categories":[8],"tags":[2316,7722,7723],"class_list":["post-18166","post","type-post","status-publish","format-standard","has-post-thumbnail","hentry","category-interes-general","tag-belgrano","tag-feriados-junio","tag-guemes"],"_links":{"self":[{"href":"https:\/\/www.visionweb.com.ar\/index.php?rest_route=\/wp\/v2\/posts\/18166","targetHints":{"allow":["GET"]}}],"collection":[{"href":"https:\/\/www.visionweb.com.ar\/index.php?rest_route=\/wp\/v2\/posts"}],"about":[{"href":"https:\/\/www.visionweb.com.ar\/index.php?rest_route=\/wp\/v2\/types\/post"}],"author":[{"embeddable":true,"href":"https:\/\/www.visionweb.com.ar\/index.php?rest_route=\/wp\/v2\/users\/4"}],"replies":[{"embeddable":true,"href":"https:\/\/www.visionweb.com.ar\/index.php?rest_route=%2Fwp%2Fv2%2Fcomments&post=18166"}],"version-history":[{"count":1,"href":"https:\/\/www.visionweb.com.ar\/index.php?rest_route=\/wp\/v2\/posts\/18166\/revisions"}],"predecessor-version":[{"id":18167,"href":"https:\/\/www.visionweb.com.ar\/index.php?rest_route=\/wp\/v2\/posts\/18166\/revisions\/18167"}],"wp:featuredmedia":[{"embeddable":true,"href":"https:\/\/www.visionweb.com.ar\/index.php?rest_route=\/wp\/v2\/media\/7663"}],"wp:attachment":[{"href":"https:\/\/www.visionweb.com.ar\/index.php?rest_route=%2Fwp%2Fv2%2Fmedia&parent=18166"}],"wp:term":[{"taxonomy":"category","embeddable":true,"href":"https:\/\/www.visionweb.com.ar\/index.php?rest_route=%2Fwp%2Fv2%2Fcategories&post=18166"},{"taxonomy":"post_tag","embeddable":true,"href":"https:\/\/www.visionweb.com.ar\/index.php?rest_route=%2Fwp%2Fv2%2Ftags&post=18166"}],"curies":[{"name":"wp","href":"https:\/\/api.w.org\/{rel}","templated":true}]}}