{"id":18159,"date":"2025-05-25T12:16:34","date_gmt":"2025-05-25T15:16:34","guid":{"rendered":"https:\/\/www.visionweb.com.ar\/?p=18159"},"modified":"2025-05-25T12:26:27","modified_gmt":"2025-05-25T15:26:27","slug":"el-cd-de-lanus-aprobo-la-rendicion-de-cuentas-del-ejercicio-2024","status":"publish","type":"post","link":"https:\/\/www.visionweb.com.ar\/?p=18159","title":{"rendered":"El CD de Lan\u00fas aprob\u00f3 la rendici\u00f3n de cuentas del ejercicio 2024"},"content":{"rendered":"<p><em><strong>El cuerpo legislativo local aprob\u00f3 tambi\u00e9n numerosas resoluciones que incluyen la instalaci\u00f3 de sem\u00e1foros en diversas intersecciones de de las calles de Lan\u00fas Este.<\/strong><\/em><!--more--><\/p>\n<p><img loading=\"lazy\" decoding=\"async\" class=\"size-medium wp-image-16639 alignright\" src=\"https:\/\/www.visionweb.com.ar\/wp-content\/uploads\/2024\/12\/CD-LANUS-300x200.png\" alt=\"\" width=\"300\" height=\"200\" srcset=\"https:\/\/www.visionweb.com.ar\/wp-content\/uploads\/2024\/12\/CD-LANUS-300x200.png 300w, https:\/\/www.visionweb.com.ar\/wp-content\/uploads\/2024\/12\/CD-LANUS.png 640w\" sizes=\"auto, (max-width: 300px) 100vw, 300px\" \/>El Concejo Deliberante de Lan\u00fas, aprob\u00f3 este jueves, en la 2\u00aa Sesi\u00f3n extraordinaria la rendici\u00f3n\u00a0 de cuentas correspondiente al ejercicio 2024, remitida por el Poder Ejecutivo por mayor\u00eda simple de los ediles del oficialismo, en tanto que, la oposici\u00f3n pidi\u00f3 que vuelva a comisi\u00f3n en la 4\u00aa Sesi\u00f3n ordinaria fueron aprobado diversas iniciativas<\/p>\n<p>Los distintos bloques de la oposici\u00f3n votaron en contra y sostuvieron que en el documento presentado por el Ejecutivo al frente de\u00a0 <strong>Juli\u00e1n \u00c1lvarez,<\/strong>\u00a0les faltaba informaci\u00f3n.<\/p>\n<p>En tanto, desde la bancada del PRO surgi\u00f3 la queja por la rapidez con la que se aprob\u00f3 el expediente, remitido por el Ejecutivo, a la vez que\u00a0 pidi\u00f3 explicaciones a los ediles del peronismo.<\/p>\n<p>Los bloques oficialistas que al apoyan intendente \u00c1lvarez aprobaron la Rendici\u00f3n de Cuentas por 12 votos, e ignoraron la moci\u00f3n que ped\u00eda\u00a0 que la Rendici\u00f3n de Cuentas vuelva a Comisi\u00f3n, para luego ser tratada\u00a0 a los nueve d\u00edas, con la inclusi\u00f3n del informe que pidi\u00f3 la oposici\u00f3n respondido.<\/p>\n<p><strong>Dami\u00e1n Schiavone<\/strong>, uno de los principales referentes de la oposici\u00f3n indic\u00f3 que \u201ca nosotros nos hubiera gustado que nos respondan las preguntas que hicimos para ampliar la informaci\u00f3n sobre la Rendici\u00f3n de Cuentas que es una facultad que tenemos los concejales. Si es una cuesti\u00f3n de tiempos ten\u00edamos 9 d\u00edas m\u00e1s, podr\u00edamos haber esperado. Con toda la informaci\u00f3n nuestro voto podr\u00eda ser distinto\u201d.<\/p>\n<p>A su turno, <strong>Mariana Ayeza<\/strong> de La Libertad Avanza, sostuvo que \u201cno voy acompa\u00f1ar la Rendici\u00f3n de Cuentas, porque existen muchas emergencias que acompa\u00f1amos con todos los vecinos, pero no est\u00e1n las \u00f3rdenes de compra y faltan documentos. Los informes del 2024 nunca tuvieron la respuesta del Ejecutivo, hay muchas cosas sobre lasa que no tuvimos respuestas\u201d<\/p>\n<p>Por su parte, el concejal Omar Galdurralde, fue quien\u00a0 respondi\u00f3 varias de las preguntas efectuadas por los ediles de la oposici\u00f3n.<\/p>\n<p>\u201cDotamos al Ejecutivo de las herramientas para que el intendente pueda llevar a cabos sus obras y sus trabajos, hoy estamos viendo c\u00f3mo se usaron esos recursos. Si vemos a cu\u00e1nto asciende el c\u00e1lculo de recursos, de 165 millones de pesos, nos permite ver de manera concreta que hemos cerrado un ejercicio con super\u00e1vit, por el buen trabajo de Julian\u201d, describi\u00f3 el concejal.<\/p>\n<p><strong>Sesi\u00f3n ordinaria<\/strong>.<\/p>\n<p>Luego de un breve cuarto intermedio se dio comienzo a la 4\u00aa Sesi\u00f3n Ordinaria en la que el oficialismo vot\u00f3 en contra todos los proyectos presentados por los bloques opositores que se pusieron sobre tablas, como el pedido de informe sobre el Concejo Asesor para las personas con discapacidad, la informaci\u00f3n acerca de las cuadriculas de Seguridad del Municipio y la colocaci\u00f3n de rampas para personas con movilidad reducida.<\/p>\n<p>Por otra parte, el legislativo local aprob\u00f3 el Expediente B 117, impulsado por el bloque Uni\u00f3n por la Patria, que propuso declarar en el \u00e1mbito del Concejo Deliberante como \u201c2025: A\u00f1o del paso a la Inmortalidad del Papa Francisco\u201d y establecimiento del membrete, en toda la documentaci\u00f3n oficial <strong>(VW)<\/strong>.<\/p>\n","protected":false},"excerpt":{"rendered":"<p>El cuerpo legislativo local aprob\u00f3 tambi\u00e9n numerosas resoluciones que incluyen la instalaci\u00f3 de sem\u00e1foros en diversas intersecciones de de las calles de Lan\u00fas Este.<\/p>\n","protected":false},"author":3,"featured_media":16639,"comment_status":"closed","ping_status":"closed","sticky":false,"template":"","format":"standard","meta":{"_monsterinsights_skip_tracking":false,"_monsterinsights_sitenote_active":false,"_monsterinsights_sitenote_note":"","_monsterinsights_sitenote_category":0,"footnotes":""},"categories":[4],"tags":[4183,1589,7721,19],"class_list":["post-18159","post","type-post","status-publish","format-standard","has-post-thumbnail","hentry","category-politica","tag-cd","tag-concejales","tag-ejercicio","tag-lanus"],"_links":{"self":[{"href":"https:\/\/www.visionweb.com.ar\/index.php?rest_route=\/wp\/v2\/posts\/18159","targetHints":{"allow":["GET"]}}],"collection":[{"href":"https:\/\/www.visionweb.com.ar\/index.php?rest_route=\/wp\/v2\/posts"}],"about":[{"href":"https:\/\/www.visionweb.com.ar\/index.php?rest_route=\/wp\/v2\/types\/post"}],"author":[{"embeddable":true,"href":"https:\/\/www.visionweb.com.ar\/index.php?rest_route=\/wp\/v2\/users\/3"}],"replies":[{"embeddable":true,"href":"https:\/\/www.visionweb.com.ar\/index.php?rest_route=%2Fwp%2Fv2%2Fcomments&post=18159"}],"version-history":[{"count":4,"href":"https:\/\/www.visionweb.com.ar\/index.php?rest_route=\/wp\/v2\/posts\/18159\/revisions"}],"predecessor-version":[{"id":18163,"href":"https:\/\/www.visionweb.com.ar\/index.php?rest_route=\/wp\/v2\/posts\/18159\/revisions\/18163"}],"wp:featuredmedia":[{"embeddable":true,"href":"https:\/\/www.visionweb.com.ar\/index.php?rest_route=\/wp\/v2\/media\/16639"}],"wp:attachment":[{"href":"https:\/\/www.visionweb.com.ar\/index.php?rest_route=%2Fwp%2Fv2%2Fmedia&parent=18159"}],"wp:term":[{"taxonomy":"category","embeddable":true,"href":"https:\/\/www.visionweb.com.ar\/index.php?rest_route=%2Fwp%2Fv2%2Fcategories&post=18159"},{"taxonomy":"post_tag","embeddable":true,"href":"https:\/\/www.visionweb.com.ar\/index.php?rest_route=%2Fwp%2Fv2%2Ftags&post=18159"}],"curies":[{"name":"wp","href":"https:\/\/api.w.org\/{rel}","templated":true}]}}