{"id":18147,"date":"2025-05-22T12:23:21","date_gmt":"2025-05-22T15:23:21","guid":{"rendered":"https:\/\/www.visionweb.com.ar\/?p=18147"},"modified":"2025-05-22T12:23:21","modified_gmt":"2025-05-22T15:23:21","slug":"congreso-otro-miercoles-de-tension-con-las-fuerzas-de-seguridad-en-la-marcha-de-jubilados","status":"publish","type":"post","link":"https:\/\/www.visionweb.com.ar\/?p=18147","title":{"rendered":"Congreso: Otro mi\u00e9rcoles de tensi\u00f3n con las fuerzas de seguridad en la marcha de jubilados"},"content":{"rendered":"<p><em><strong>S<\/strong><strong>e registraron\u00a0nuevos incidentes entre jubilados y fuerzas de seguridad durante la manifestaci\u00f3n en reclamo de un aumento en los haberes. Detuvieron a dos fot\u00f3grafos, uno contin\u00faa arrestado.<\/strong><\/em><!--more--><\/p>\n<div id=\"attachment_18148\" style=\"width: 310px\" class=\"wp-caption alignright\"><img loading=\"lazy\" decoding=\"async\" aria-describedby=\"caption-attachment-18148\" class=\"wp-image-18148 size-medium\" src=\"https:\/\/www.visionweb.com.ar\/wp-content\/uploads\/2025\/05\/marcha-jubilados-detencion-300x169.png\" alt=\"\" width=\"300\" height=\"169\" srcset=\"https:\/\/www.visionweb.com.ar\/wp-content\/uploads\/2025\/05\/marcha-jubilados-detencion-300x169.png 300w, https:\/\/www.visionweb.com.ar\/wp-content\/uploads\/2025\/05\/marcha-jubilados-detencion.png 615w\" sizes=\"auto, (max-width: 300px) 100vw, 300px\" \/><p id=\"caption-attachment-18148\" class=\"wp-caption-text\">Detenciones a reporteros en la marcha de jubilados. Foto de internet<\/p><\/div>\n<p><strong>\u00a0 \u00a0 C<\/strong>omo todos los mi\u00e9rcoles, grupos de\u00a0<strong>jubilados\u00a0se convocaron nuevamente ayer frente al Congreso\u00a0<\/strong>con el fin de reclamar un aumento en sus haberes, la restituci\u00f3n de los medicamentos gratuitos del PAMI y una alternativa a la moratoria previsional, que venci\u00f3 en marzo de este a\u00f1o. Hubo incidentes entre manifestantes y agentes de la Polic\u00eda Federal, la Gendarmer\u00eda y la PSA, que desplegaron un vallado que impidi\u00f3 el avance de los manifestantes apostados en la Plaza del Congreso. Tambi\u00e9n detenciones.<\/p>\n<p>El masivo operativo de las fuerzas federales incluy\u00f3 la\u00a0<strong>utilizaci\u00f3n de gases lacrim\u00f3genos y disparos de balas de goma<\/strong>, registrando nuevamente\u00a0<strong>personas heridas y detenidas, entre ellas dos fot\u00f3grafos, uno de los cuales fue liberado por la noche.<\/strong><\/p>\n<p><strong>El reportero gr\u00e1fico Tom\u00e1s Cuesta, trabajador de AFP, fue detenido transitoriamente. Javier Iglesias, colega fotorreportero, contin\u00faa arrestado bajo el cargo de resistencia a la autoridad.\u00a0<\/strong><\/p>\n<p>Adem\u00e1s, las fuerzas rodearon la movilizaci\u00f3n e impidieron el desplazamiento por los alrededores de la plaza, lo que provoc\u00f3 corridas y una represi\u00f3n con gas pimienta.<\/p>\n<p>Seg\u00fan inform\u00f3 La Naci\u00f3n, el conflicto se desat\u00f3 cuando efectivos intentaron obligar a los manifestantes que marchaban por avenida Rivadavia a subir a la vereda, con el fin de evitar el corte total del tr\u00e1nsito.<\/p>\n<p>Horas antes de la protesta, fracas\u00f3 en la C\u00e1mara de Diputados el tratamiento de uno de los proyectos para incrementar las jubilaciones y otorgar un bono, debido a la falta de qu\u00f3rum. <strong>(VW)<\/strong><\/p>\n","protected":false},"excerpt":{"rendered":"<p>Se registraron\u00a0nuevos incidentes entre jubilados y fuerzas de seguridad durante la manifestaci\u00f3n en reclamo de un aumento en los haberes. Detuvieron a dos fot\u00f3grafos, uno contin\u00faa arrestado.<\/p>\n","protected":false},"author":4,"featured_media":18148,"comment_status":"closed","ping_status":"closed","sticky":false,"template":"","format":"standard","meta":{"_monsterinsights_skip_tracking":false,"_monsterinsights_sitenote_active":false,"_monsterinsights_sitenote_note":"","_monsterinsights_sitenote_category":0,"footnotes":""},"categories":[4,5],"tags":[7718,7719,3134,7461,7720],"class_list":["post-18147","post","type-post","status-publish","format-standard","has-post-thumbnail","hentry","category-politica","category-sociedad","tag-arrestos","tag-fotografos","tag-incidentes","tag-marcha-jubilados","tag-reporteros"],"_links":{"self":[{"href":"https:\/\/www.visionweb.com.ar\/index.php?rest_route=\/wp\/v2\/posts\/18147","targetHints":{"allow":["GET"]}}],"collection":[{"href":"https:\/\/www.visionweb.com.ar\/index.php?rest_route=\/wp\/v2\/posts"}],"about":[{"href":"https:\/\/www.visionweb.com.ar\/index.php?rest_route=\/wp\/v2\/types\/post"}],"author":[{"embeddable":true,"href":"https:\/\/www.visionweb.com.ar\/index.php?rest_route=\/wp\/v2\/users\/4"}],"replies":[{"embeddable":true,"href":"https:\/\/www.visionweb.com.ar\/index.php?rest_route=%2Fwp%2Fv2%2Fcomments&post=18147"}],"version-history":[{"count":1,"href":"https:\/\/www.visionweb.com.ar\/index.php?rest_route=\/wp\/v2\/posts\/18147\/revisions"}],"predecessor-version":[{"id":18149,"href":"https:\/\/www.visionweb.com.ar\/index.php?rest_route=\/wp\/v2\/posts\/18147\/revisions\/18149"}],"wp:featuredmedia":[{"embeddable":true,"href":"https:\/\/www.visionweb.com.ar\/index.php?rest_route=\/wp\/v2\/media\/18148"}],"wp:attachment":[{"href":"https:\/\/www.visionweb.com.ar\/index.php?rest_route=%2Fwp%2Fv2%2Fmedia&parent=18147"}],"wp:term":[{"taxonomy":"category","embeddable":true,"href":"https:\/\/www.visionweb.com.ar\/index.php?rest_route=%2Fwp%2Fv2%2Fcategories&post=18147"},{"taxonomy":"post_tag","embeddable":true,"href":"https:\/\/www.visionweb.com.ar\/index.php?rest_route=%2Fwp%2Fv2%2Ftags&post=18147"}],"curies":[{"name":"wp","href":"https:\/\/api.w.org\/{rel}","templated":true}]}}