{"id":18139,"date":"2025-05-21T07:54:10","date_gmt":"2025-05-21T10:54:10","guid":{"rendered":"https:\/\/www.visionweb.com.ar\/?p=18139"},"modified":"2025-05-20T22:31:53","modified_gmt":"2025-05-21T01:31:53","slug":"dura-critica-de-carbap-a-una-iniciativa-del-senado-bonaerense","status":"publish","type":"post","link":"https:\/\/www.visionweb.com.ar\/?p=18139","title":{"rendered":"Dura cr\u00edtica de CARBAP a una iniciativa del senado bonaerense"},"content":{"rendered":"<p><em><strong>La confederaci\u00f3n de Asociaciones Rurales de Buenos Aires y\u00a0 La Pampa (CARBA), sali\u00f3 a cuestionar una iniciativa del Senado bonaerense que se reunir\u00e1 el jueves para tratar la reelecci\u00f3n indefinida de los legisladores.<\/strong><\/em> <!--more--><\/p>\n<p><img loading=\"lazy\" decoding=\"async\" class=\"size-medium wp-image-9783 alignright\" src=\"https:\/\/www.visionweb.com.ar\/wp-content\/uploads\/2023\/03\/AUTORIDADES-SENADO-BONAERENSE-300x200.png\" alt=\"\" width=\"300\" height=\"200\" srcset=\"https:\/\/www.visionweb.com.ar\/wp-content\/uploads\/2023\/03\/AUTORIDADES-SENADO-BONAERENSE-300x200.png 300w, https:\/\/www.visionweb.com.ar\/wp-content\/uploads\/2023\/03\/AUTORIDADES-SENADO-BONAERENSE.png 640w\" sizes=\"auto, (max-width: 300px) 100vw, 300px\" \/>Tras conocerse la decisi\u00f3n de la presidenta del Senado de la provincia de Buenos Aires, Ver\u00f3nica Magarios de convocar a una sesi\u00f3n de la c\u00e1mara alta provincial para tratar la modificaci\u00f3n de un art\u00edculo que proh\u00edbe la reelecci\u00f3n in definida de los legisladores, la CARBAP, sali\u00f3 con los tapones de punta a cuestionar ese proyecto de Ley.<\/p>\n<p>Ocurre que el legislador de<strong> Uni\u00f3n por la Patria, Luis Vivona,<\/strong> impulsa un proyecto que busca modificar el art\u00edculo 13 bis de la Ley electoral 5109, que limita las reelecciones indefinidas para diputados y senadores en la provincia de Buenos Aires. La Ley fue sancionada el 9 de 1946.<\/p>\n<p>En ese sentido, CARBAP, asegur\u00f3 que: \u00abuna vez m\u00e1s, vemos con rechazo y estupor la inoportuna y anacr\u00f3nica actitud de legisladores y funcionarios de la provincia de Buenos Aires que buscan promover nuevamente la reelecci\u00f3n indefinida de legisladores, concejales, consejeros escolares e intendentes.<\/p>\n<p><strong>Con proyectos perge\u00f1ados de espaldas a la sociedad, buscan eternizarse en cargos, impidiendo renovar y refrescar nuestra joven democracia, <\/strong>dijo la Entidad.<\/p>\n<p>\u00abLos desvastadores da\u00f1os ocasionados por las lluvias no hacen mas que poner en evidencia que el inter\u00e9s de la politica no esta puesto en el desarrollo, la infraestructura, la educacion, la salud y el bienestar de los ciudadanos, sino en su penosa ambici\u00f3n de perpetuarse en el poder\u00bb.<\/p>\n<p>\u00abValidan con actos, como el que llevaran adelante el pr\u00f3ximo jueves en la sesi\u00f3n del Senado Provincial al promover esos proyectos, ese apodo con el que el pueblo los ha caracterizado: casta!\u00bb, se\u00f1al\u00f3 la entidad<\/p>\n<p>Desde\u00a0<strong>CARBAP<\/strong> rechazamos enf\u00e1ticamente la reelecci\u00f3n indefinida en los cargos p\u00fablicos, sea cual fuere el mismo(<strong>VW)<\/strong>.<\/p>\n<p>&nbsp;<\/p>\n","protected":false},"excerpt":{"rendered":"<p>La confederaci\u00f3n de Asociaciones Rurales de Buenos Aires y\u00a0 La Pampa (CARBA), sali\u00f3 a cuestionar una iniciativa del Senado bonaerense que se reunir\u00e1 el jueves para tratar la reelecci\u00f3n indefinida de los legisladores.<\/p>\n","protected":false},"author":3,"featured_media":9783,"comment_status":"closed","ping_status":"closed","sticky":false,"template":"","format":"standard","meta":{"_monsterinsights_skip_tracking":false,"_monsterinsights_sitenote_active":false,"_monsterinsights_sitenote_note":"","_monsterinsights_sitenote_category":0,"footnotes":""},"categories":[4],"tags":[],"class_list":["post-18139","post","type-post","status-publish","format-standard","has-post-thumbnail","hentry","category-politica"],"_links":{"self":[{"href":"https:\/\/www.visionweb.com.ar\/index.php?rest_route=\/wp\/v2\/posts\/18139","targetHints":{"allow":["GET"]}}],"collection":[{"href":"https:\/\/www.visionweb.com.ar\/index.php?rest_route=\/wp\/v2\/posts"}],"about":[{"href":"https:\/\/www.visionweb.com.ar\/index.php?rest_route=\/wp\/v2\/types\/post"}],"author":[{"embeddable":true,"href":"https:\/\/www.visionweb.com.ar\/index.php?rest_route=\/wp\/v2\/users\/3"}],"replies":[{"embeddable":true,"href":"https:\/\/www.visionweb.com.ar\/index.php?rest_route=%2Fwp%2Fv2%2Fcomments&post=18139"}],"version-history":[{"count":2,"href":"https:\/\/www.visionweb.com.ar\/index.php?rest_route=\/wp\/v2\/posts\/18139\/revisions"}],"predecessor-version":[{"id":18141,"href":"https:\/\/www.visionweb.com.ar\/index.php?rest_route=\/wp\/v2\/posts\/18139\/revisions\/18141"}],"wp:featuredmedia":[{"embeddable":true,"href":"https:\/\/www.visionweb.com.ar\/index.php?rest_route=\/wp\/v2\/media\/9783"}],"wp:attachment":[{"href":"https:\/\/www.visionweb.com.ar\/index.php?rest_route=%2Fwp%2Fv2%2Fmedia&parent=18139"}],"wp:term":[{"taxonomy":"category","embeddable":true,"href":"https:\/\/www.visionweb.com.ar\/index.php?rest_route=%2Fwp%2Fv2%2Fcategories&post=18139"},{"taxonomy":"post_tag","embeddable":true,"href":"https:\/\/www.visionweb.com.ar\/index.php?rest_route=%2Fwp%2Fv2%2Ftags&post=18139"}],"curies":[{"name":"wp","href":"https:\/\/api.w.org\/{rel}","templated":true}]}}