{"id":18137,"date":"2025-05-20T11:49:38","date_gmt":"2025-05-20T14:49:38","guid":{"rendered":"https:\/\/www.visionweb.com.ar\/?p=18137"},"modified":"2025-05-20T11:49:38","modified_gmt":"2025-05-20T14:49:38","slug":"crean-cursos-de-capacitacion-en-farmacia-para-personas-desocupadas","status":"publish","type":"post","link":"https:\/\/www.visionweb.com.ar\/?p=18137","title":{"rendered":"Crean cursos de capacitaci\u00f3n en farmacia para personas desocupadas"},"content":{"rendered":"<p><strong><em>La iniciativa contempla cuatro opciones intensivas, con acompa\u00f1amiento personalizado en la b\u00fasqueda laboral hasta su incorporaci\u00f3n efectiva en el sector farmac\u00e9utico. Se pueden realizar de forma virtual, y comienzan en junio.<\/em><\/strong><!--more--><\/p>\n<p><strong>\u00a0\u00a0\u00a0 <img loading=\"lazy\" decoding=\"async\" class=\"size-full wp-image-10643 alignright\" src=\"https:\/\/www.visionweb.com.ar\/wp-content\/uploads\/2023\/05\/farmacias.png\" alt=\"\" width=\"220\" height=\"147\" \/>\u00a0\u00a0\u00a0 L<\/strong>a <strong>Federaci\u00f3n Argentina de C\u00e1maras de Farmacias (Facaf)<\/strong> abri\u00f3 una serie de\u00a0<strong>capacitaciones para que personas desocupadas se incorporen al sector,<\/strong>\u00a0que se pueden realizar de forma virtual con m\u00faltiples opciones en d\u00edas y horarios de cursada.<\/p>\n<p>Se trata de cuatro cursos intensivos, que estar\u00e1n habilitados a partir de junio, a cargo del <strong>Centro Integral de Estudios Farmac\u00e9uticos (CIEF)<\/strong> y que abarcar\u00e1n diferentes tem\u00e1ticas sobre la actividad para ofrecer a personas que se encuentran sin trabajo el acceso a la actividad farmac\u00e9utica.<\/p>\n<p>\u201cEl principal objetivo es dotar a los interesados de las habilidades y los conocimientos necesarios para una integraci\u00f3n laboral exitosa en el sector farmac\u00e9utico\u201d, explic\u00f3 C\u00e9sar Bardal, Director Ejecutivo de la Facaf.<\/p>\n<p>Las tem\u00e1ticas de las capacitaciones son:\u00a0<a href=\"https:\/\/cief.com.ar\/induccion-al-trabajo-en-farmacia-3\/\">\u201cInducci\u00f3n al Trabajo en Farmacia\u201d<\/a>,\u00a0<a href=\"https:\/\/cief.com.ar\/atencion-al-paciente-cliente-3\/\">\u201cAtenci\u00f3n al Paciente-Cliente\u201d<\/a>,\u00a0<a href=\"https:\/\/cief.com.ar\/farmacia-clinica-y-asistencial\/\">\u201cFarmacia Cl\u00ednica y Asistencial\u201d<\/a>\u00a0y\u00a0<a href=\"https:\/\/cief.com.ar\/excel-avanzado-y-visualizacion-de-datos-2\/\">\u201cExcel Avanzado y Visualizaci\u00f3n de Datos\u201d<\/a>. (Para inscribirse cliquear sobre la opci\u00f3n elegida).<\/p>\n<p>En su mayor\u00eda se dictar\u00e1n<strong>\u00a0bajo la modalidad online, a trav\u00e9s del Campus Virtual del Centro Integral de Estudios Farmac\u00e9uticos (CIEF),\u00a0<\/strong>con varias opciones en d\u00edas y horarios de cursado que se adaptar\u00e1n a las disponibilidades de cada interesado.<\/p>\n<p>Desde el CIEF agregaron que en la Federaci\u00f3n siempre hubo una prioridad en \u201cformar recursos humanos y certificar sus habilidades y conocimientos y en este caso queremos que sea tambi\u00e9n una herramienta para quienes se encuentran desocupados\u201d.<\/p>\n<p>Recientemente fue habilitada una\u00a0<strong>\u201cBase de Datos de Personas Capacitadas\u201d<\/strong>\u00a0que pueda ser consultada por los 5.000 asociados a la FACAF de todo el pa\u00eds, en casos de b\u00fasqueda de personal con conocimientos espec\u00edficos sobre las diferentes acciones que se manejan dentro de las farmacias.<\/p>\n<p>El programa contempla, adem\u00e1s, un acompa\u00f1amiento personalizado en la b\u00fasqueda laboral hasta su incorporaci\u00f3n efectiva en el sector farmac\u00e9utico. Para ello, se realizaron Talleres de Empleabilidad para fortalecer la incorporaci\u00f3n laboral efectiva.<\/p>\n<p>Como complemento de todas las actividades que realizan en conjunto la FACAF y el CIEF, se<strong>\u00a0firm\u00f3 convenio con la Secretar\u00eda de Trabajo de la Naci\u00f3n para gestionar y facilitarle a las farmacias el acceso a programas como Cr\u00e9dito Fiscal, ETP y PIL\u00a0<\/strong>con recupero de inversi\u00f3n y beneficios fiscales para formaci\u00f3n e inserci\u00f3n laboral.<\/p>\n<p>Los cursos:<\/p>\n<p><strong>TRABAJO EN FARMACIA<\/strong><\/p>\n<p>Inicia: 3\/6\/2025<\/p>\n<p>Destinatarios: Personas desocupadas.<\/p>\n<p>Requisitos: Mayor de 18 a\u00f1os. Estar interesado en el rubro.<\/p>\n<p>Programa:<\/p>\n<ul>\n<li>Inducci\u00f3n al Trabajo en Farmacias<\/li>\n<\/ul>\n<ul>\n<li>La Farmacia y el Sistema de Salud<\/li>\n<\/ul>\n<ul>\n<li>Receta M\u00e9dica y Roles Profesionales<\/li>\n<\/ul>\n<ul>\n<li>Medicamentos: Conceptos Generales y Clasificaci\u00f3n<\/li>\n<\/ul>\n<ul>\n<li>Formas Farmac\u00e9uticas y V\u00edas de Administraci\u00f3n I<\/li>\n<\/ul>\n<ul>\n<li>V\u00edas de Administraci\u00f3n II y Envases Farmac\u00e9uticos<\/li>\n<\/ul>\n<ul>\n<li>Legislaci\u00f3n Farmac\u00e9utica<\/li>\n<\/ul>\n<ul>\n<li>Antimicrobianos, Vacunas y Sueros<\/li>\n<\/ul>\n<ul>\n<li>Farmacocin\u00e9tica y Farmacodinamia<\/li>\n<\/ul>\n<ul>\n<li>Reacciones Adversas e Interacciones Medicamentosas<\/li>\n<\/ul>\n<p><strong>ATENCI\u00d3N AL PACIENTE-CLIENTE<\/strong><\/p>\n<p>Inicia: 4\/6\/2025<\/p>\n<p>Destinatarios: Personas Desocupadas<\/p>\n<p>Requisitos: Mayor de 18. Interesado\/as en el rubro farmacia.<\/p>\n<p>Programa:<\/p>\n<ul>\n<li>La Farmacia como Centro de Salud y la Atenci\u00f3n al Paciente<\/li>\n<\/ul>\n<ul>\n<li>Habilidades de Comunicaci\u00f3n Efectiva<\/li>\n<\/ul>\n<ul>\n<li>Atenci\u00f3n Farmac\u00e9utica Centrada en el Paciente<\/li>\n<\/ul>\n<ul>\n<li>Dispensaci\u00f3n de Medicamentos<\/li>\n<\/ul>\n<ul>\n<li>Gesti\u00f3n de la Calidad en la Atenci\u00f3n al Paciente<\/li>\n<\/ul>\n<p><strong>\u00a0FARMACIA CL\u00cdNICA Y ASISTENCIAL<\/strong><\/p>\n<p>Inicia: 3\/6\/2025<\/p>\n<p>Destinatarios: Personas Desocupadas<\/p>\n<p>Requisitos: Mayor de 18 a\u00f1os. Haber cursado y aprobado \u00abInducci\u00f3n al Trabajo en Farmacia\u00bb.<\/p>\n<p>Programa:<\/p>\n<ul>\n<li>Farmacia cl\u00ednica y atenci\u00f3n farmac\u00e9utica: definiciones y funciones.<\/li>\n<\/ul>\n<ul>\n<li>Reacciones adversas a medicamentos.<\/li>\n<\/ul>\n<ul>\n<li>El asistente en farmacia frente a la paciente con dolor.<\/li>\n<\/ul>\n<ul>\n<li>Tratamientos no opi\u00e1ceos del dolor.<\/li>\n<\/ul>\n<ul>\n<li>Tratamientos opi\u00e1ceos del dolor.<\/li>\n<\/ul>\n<ul>\n<li>Enfermedades relacionadas con el dolor.<\/li>\n<\/ul>\n<ul>\n<li>El asistente en farmacia frente al paciente con patolog\u00edas gastrointestinales.<\/li>\n<\/ul>\n<ul>\n<li>El asistente en farmacia frente pacientes con afecciones en la piel.<\/li>\n<\/ul>\n<ul>\n<li>El asistente en farmacia frente a pacientes con s\u00edntomas al\u00e9rgicos.<\/li>\n<\/ul>\n<ul>\n<li>El asistente en farmacia frente pacientes con asma bronquial y rinitis al\u00e9rgica.<\/li>\n<\/ul>\n<ul>\n<li>El asistente en farmacia frente a afecciones de consulta habitual en mostrador.<\/li>\n<\/ul>\n<p>Por consultas e inscripci\u00f3n comunicarse a trav\u00e9s de la cuenta de Instagram @cief.facaf.\u00a0<strong>(VW)<\/strong><\/p>\n","protected":false},"excerpt":{"rendered":"<p>La iniciativa contempla cuatro opciones intensivas, con acompa\u00f1amiento personalizado en la b\u00fasqueda laboral hasta su incorporaci\u00f3n efectiva en el sector farmac\u00e9utico. Se pueden realizar de forma virtual, y comienzan en junio.<\/p>\n","protected":false},"author":4,"featured_media":10643,"comment_status":"closed","ping_status":"closed","sticky":false,"template":"","format":"standard","meta":{"_monsterinsights_skip_tracking":false,"_monsterinsights_sitenote_active":false,"_monsterinsights_sitenote_note":"","_monsterinsights_sitenote_category":0,"footnotes":""},"categories":[8,5],"tags":[7710,7711,7713,7714,7712],"class_list":["post-18137","post","type-post","status-publish","format-standard","has-post-thumbnail","hentry","category-interes-general","category-sociedad","tag-cief","tag-cursos-de-farmacia","tag-facaf","tag-federacion-de-farmacias","tag-personas-desocupadas"],"_links":{"self":[{"href":"https:\/\/www.visionweb.com.ar\/index.php?rest_route=\/wp\/v2\/posts\/18137","targetHints":{"allow":["GET"]}}],"collection":[{"href":"https:\/\/www.visionweb.com.ar\/index.php?rest_route=\/wp\/v2\/posts"}],"about":[{"href":"https:\/\/www.visionweb.com.ar\/index.php?rest_route=\/wp\/v2\/types\/post"}],"author":[{"embeddable":true,"href":"https:\/\/www.visionweb.com.ar\/index.php?rest_route=\/wp\/v2\/users\/4"}],"replies":[{"embeddable":true,"href":"https:\/\/www.visionweb.com.ar\/index.php?rest_route=%2Fwp%2Fv2%2Fcomments&post=18137"}],"version-history":[{"count":1,"href":"https:\/\/www.visionweb.com.ar\/index.php?rest_route=\/wp\/v2\/posts\/18137\/revisions"}],"predecessor-version":[{"id":18138,"href":"https:\/\/www.visionweb.com.ar\/index.php?rest_route=\/wp\/v2\/posts\/18137\/revisions\/18138"}],"wp:featuredmedia":[{"embeddable":true,"href":"https:\/\/www.visionweb.com.ar\/index.php?rest_route=\/wp\/v2\/media\/10643"}],"wp:attachment":[{"href":"https:\/\/www.visionweb.com.ar\/index.php?rest_route=%2Fwp%2Fv2%2Fmedia&parent=18137"}],"wp:term":[{"taxonomy":"category","embeddable":true,"href":"https:\/\/www.visionweb.com.ar\/index.php?rest_route=%2Fwp%2Fv2%2Fcategories&post=18137"},{"taxonomy":"post_tag","embeddable":true,"href":"https:\/\/www.visionweb.com.ar\/index.php?rest_route=%2Fwp%2Fv2%2Ftags&post=18137"}],"curies":[{"name":"wp","href":"https:\/\/api.w.org\/{rel}","templated":true}]}}