{"id":18134,"date":"2025-05-20T11:32:21","date_gmt":"2025-05-20T14:32:21","guid":{"rendered":"https:\/\/www.visionweb.com.ar\/?p=18134"},"modified":"2025-05-20T11:32:21","modified_gmt":"2025-05-20T14:32:21","slug":"docentes-la-feb-comenzo-el-primer-paro-contra-la-administracion-de-kicillof","status":"publish","type":"post","link":"https:\/\/www.visionweb.com.ar\/?p=18134","title":{"rendered":"Docentes: La FEB comenz\u00f3 el primer paro contra la administraci\u00f3n de Kicillof"},"content":{"rendered":"<p><strong><em>\u201cLa conciliaci\u00f3n obligatoria solamente pretende cercenar el derecho de huelga. Los docentes se encuentran amparados en virtud del derecho constitucional y la personer\u00eda gremial de la FEB\u201d, asegur\u00f3 el Consejo Directivo.<\/em><\/strong><!--more--><\/p>\n<p><strong>\u00a0\u00a0\u00a0\u00a0 <img loading=\"lazy\" decoding=\"async\" class=\"size-medium wp-image-18135 alignright\" src=\"https:\/\/www.visionweb.com.ar\/wp-content\/uploads\/2025\/05\/paro-docentes-FEB-240x300.png\" alt=\"\" width=\"240\" height=\"300\" srcset=\"https:\/\/www.visionweb.com.ar\/wp-content\/uploads\/2025\/05\/paro-docentes-FEB-240x300.png 240w, https:\/\/www.visionweb.com.ar\/wp-content\/uploads\/2025\/05\/paro-docentes-FEB.png 381w\" sizes=\"auto, (max-width: 240px) 100vw, 240px\" \/>\u00a0 L<\/strong>a\u00a0<strong>Federaci\u00f3n de Educadores Bonaerenses<\/strong>\u00a0(FEB) comenz\u00f3 este martes su huelga en <strong>desaf\u00edo a la conciliaci\u00f3n obligatoria<\/strong> dictada por el Gobierno provincial. Este es <strong>el primer paro de un gremio docente contra la administraci\u00f3n de Axel Kicillof,\u00a0<\/strong>que ya hab\u00eda asegurado que se descontar\u00e1 del sueldo el d\u00eda a los que se adhirieran.<\/p>\n<p>El <strong>Consejo Directivo de Feb<\/strong> asegur\u00f3 en un comunicado: \u201c<strong>La conciliaci\u00f3n obligatoria solamente pretende cercenar el derecho de huelga<\/strong>. Los docentes se encuentran amparados en virtud del derecho constitucional y la personer\u00eda gremial de la FEB\u201d.<\/p>\n<p>Desde la FEB se asegur\u00f3, finamente, que\u00a0<strong>\u201cse accionar\u00e1 judicialmente contra este atropello del Gobierno provincial\u201d<\/strong>.<\/p>\n<p><strong>Liliana Olivera, presidente de la FEB<\/strong>\u00a0dej\u00f3 claro ayer en la <strong>web<\/strong> oficial, que \u201cel paro convocado el \u00faltimo viernes por el Congreso de la instituci\u00f3n para ma\u00f1ana martes se realizar\u00e1 porque fue decidido de manera leg\u00edtima por los docentes\u201d.<\/p>\n<p>Olivera agreg\u00f3 que \u201cla conciliaci\u00f3n obligatoria dictada hace minutos por el gobierno provincial s\u00f3lo busca cercenar el derecho a huelga, como forma de amedrentar a los educadores que definieron rechazar por insuficiente la \u00faltima propuesta salarial\u201d.<\/p>\n<p>Y cerr\u00f3:\u00a0<strong>\u201cNosotros siempre hemos apostado al di\u00e1logo y al entendimiento que implica una negociaci\u00f3n, pero somos conscientes que nos asiste el justo derecho constitucional a realizar huelga y esa ha sido la decisi\u00f3n del Congreso de la FEB que es soberano\u201d<\/strong>.<\/p>\n<p>Primera huelga<\/p>\n<p>Es la primera vez que la gesti\u00f3n de Axel Kicillof enfrenta un paro de un importante sector docente por no llegar a un acuerdo salarial.<\/p>\n<p>Seg\u00fan inform\u00f3\u00a0<strong>El D\u00eda<\/strong>, desde la FEB afirmaron que el paro tendr\u00e1 fuerza en el interior del territorio bonaerense. Aunque tambi\u00e9n se resalt\u00f3 la posibilidad de que se sume a la medida\u00a0<strong>Suteba Multicolor<\/strong>, gremio que representa a un sector de los docentes de la regi\u00f3n de la capital provincial.<\/p>\n<p>La FEB se desmarc\u00f3 de sus compa\u00f1eros en el Frente de Unidad (<strong>Suteba, Amet, Sadop y Udocba<\/strong>) y\u00a0<strong>rechaz\u00f3 la oferta de incremento salarial de un 10% en dos tramos<\/strong>, tomando como base el mes de marzo.<\/p>\n<p>Mientras tanto, desde la Provincia salieron al cruce y aseguraron que\u00a0<strong>\u201cel trabajador que no concurra a desempe\u00f1ar sus tareas se le va a descontar el d\u00eda\u201d<\/strong>. <strong>(VW)<\/strong><\/p>\n<p>&nbsp;<\/p>\n","protected":false},"excerpt":{"rendered":"<p>\u201cLa conciliaci\u00f3n obligatoria solamente pretende cercenar el derecho de huelga. Los docentes se encuentran amparados en virtud del derecho constitucional y la personer\u00eda gremial de la FEB\u201d, asegur\u00f3 el Consejo Directivo.<\/p>\n","protected":false},"author":4,"featured_media":18135,"comment_status":"closed","ping_status":"closed","sticky":false,"template":"","format":"standard","meta":{"_monsterinsights_skip_tracking":false,"_monsterinsights_sitenote_active":false,"_monsterinsights_sitenote_note":"","_monsterinsights_sitenote_category":0,"footnotes":""},"categories":[4,5],"tags":[659,7708,7709],"class_list":["post-18134","post","type-post","status-publish","format-standard","has-post-thumbnail","hentry","category-politica","category-sociedad","tag-feb","tag-paro-docentes-bonaerenses","tag-primer-paro-docente-a-kicillof"],"_links":{"self":[{"href":"https:\/\/www.visionweb.com.ar\/index.php?rest_route=\/wp\/v2\/posts\/18134","targetHints":{"allow":["GET"]}}],"collection":[{"href":"https:\/\/www.visionweb.com.ar\/index.php?rest_route=\/wp\/v2\/posts"}],"about":[{"href":"https:\/\/www.visionweb.com.ar\/index.php?rest_route=\/wp\/v2\/types\/post"}],"author":[{"embeddable":true,"href":"https:\/\/www.visionweb.com.ar\/index.php?rest_route=\/wp\/v2\/users\/4"}],"replies":[{"embeddable":true,"href":"https:\/\/www.visionweb.com.ar\/index.php?rest_route=%2Fwp%2Fv2%2Fcomments&post=18134"}],"version-history":[{"count":1,"href":"https:\/\/www.visionweb.com.ar\/index.php?rest_route=\/wp\/v2\/posts\/18134\/revisions"}],"predecessor-version":[{"id":18136,"href":"https:\/\/www.visionweb.com.ar\/index.php?rest_route=\/wp\/v2\/posts\/18134\/revisions\/18136"}],"wp:featuredmedia":[{"embeddable":true,"href":"https:\/\/www.visionweb.com.ar\/index.php?rest_route=\/wp\/v2\/media\/18135"}],"wp:attachment":[{"href":"https:\/\/www.visionweb.com.ar\/index.php?rest_route=%2Fwp%2Fv2%2Fmedia&parent=18134"}],"wp:term":[{"taxonomy":"category","embeddable":true,"href":"https:\/\/www.visionweb.com.ar\/index.php?rest_route=%2Fwp%2Fv2%2Fcategories&post=18134"},{"taxonomy":"post_tag","embeddable":true,"href":"https:\/\/www.visionweb.com.ar\/index.php?rest_route=%2Fwp%2Fv2%2Ftags&post=18134"}],"curies":[{"name":"wp","href":"https:\/\/api.w.org\/{rel}","templated":true}]}}