{"id":18132,"date":"2025-05-20T09:54:30","date_gmt":"2025-05-20T12:54:30","guid":{"rendered":"https:\/\/www.visionweb.com.ar\/?p=18132"},"modified":"2025-05-20T09:54:30","modified_gmt":"2025-05-20T12:54:30","slug":"el-senado-bonaerense-va-por-la-reeleccion-indefinida-de-los-legisladores-provinciales","status":"publish","type":"post","link":"https:\/\/www.visionweb.com.ar\/?p=18132","title":{"rendered":"El Senado bonaerense va por la reelecci\u00f3n indefinida de los legisladores provinciales"},"content":{"rendered":"<p><em><strong>La sesi\u00f3n podr\u00eda renovar las tensiones al interior del espacio pol\u00edtico del peronismo bonaerense, ya que, en a\u00f1o electoral legislativo.<\/strong><\/em><!--more--><\/p>\n<p><img loading=\"lazy\" decoding=\"async\" class=\"size-medium wp-image-9783 alignleft\" src=\"https:\/\/www.visionweb.com.ar\/wp-content\/uploads\/2023\/03\/AUTORIDADES-SENADO-BONAERENSE-300x200.png\" alt=\"\" width=\"300\" height=\"200\" srcset=\"https:\/\/www.visionweb.com.ar\/wp-content\/uploads\/2023\/03\/AUTORIDADES-SENADO-BONAERENSE-300x200.png 300w, https:\/\/www.visionweb.com.ar\/wp-content\/uploads\/2023\/03\/AUTORIDADES-SENADO-BONAERENSE.png 640w\" sizes=\"auto, (max-width: 300px) 100vw, 300px\" \/>La presidenta del Senado bonaerense, Ver\u00f3nica Magario, convoc\u00f3 a sesi\u00f3n para este jueves a las 15, para tratar el proyecto del legislador de Uni\u00f3n por la Patria Luis Vivona, que busca modificar el art\u00edculo 13 bis de la Ley electoral 5109, que limita las reelecciones indefinidas para diputados y senadores en la provincia de Buenos Aires.<\/p>\n<p>El texto vigente establece que los legisladores bonaerenses\u00a0<strong>solo pueden ocupar la banca por dos per\u00edodos consecutivos, hayan sido completos o no.<\/strong>\u00a0As\u00ed, para volver a presentarse, deben respetar un intervalo de un per\u00edodo.<\/p>\n<p>De aprobarse, varios hist\u00f3ricos de la C\u00e1mara alta provincial, como Teresa Garc\u00eda, podr\u00edan presentarse como candidatos con la intenci\u00f3n de ser reelectos este a\u00f1o, habilitando un tercer per\u00edodo consecutivo.<\/p>\n<p>En tanto, esta sesi\u00f3n podr\u00eda renovar las tensiones al interior del espacio pol\u00edtico del peronismo bonaerense, ya que, en a\u00f1o electoral legislativo, el Ejecutivo provincial prefer\u00eda no poner este debate en el tapete. De igual modo, suma argumentos a La Libertad Avanza para avivar el discurso de \u201cla casta y sus privilegios\u201d, con \u00e1nimo de polarizar con la dirigencia provincial.<\/p>\n<p>El proyecto del senador Vivona podr\u00eda conseguir la media sanci\u00f3n en el Senado provincial, pero estar\u00eda en duda la suerte que podr\u00eda tener en Diputados, ya que una mayor\u00eda de fuerzas pol\u00edticas opositoras no estar\u00eda dispuesta a darle su visto bueno.<strong>(VW)<\/strong><\/p>\n","protected":false},"excerpt":{"rendered":"<p>La sesi\u00f3n podr\u00eda renovar las tensiones al interior del espacio pol\u00edtico del peronismo bonaerense, ya que, en a\u00f1o electoral legislativo.<\/p>\n","protected":false},"author":3,"featured_media":9783,"comment_status":"closed","ping_status":"closed","sticky":false,"template":"","format":"standard","meta":{"_monsterinsights_skip_tracking":false,"_monsterinsights_sitenote_active":false,"_monsterinsights_sitenote_note":"","_monsterinsights_sitenote_category":0,"footnotes":""},"categories":[4],"tags":[890,1591,468],"class_list":["post-18132","post","type-post","status-publish","format-standard","has-post-thumbnail","hentry","category-politica","tag-legisladores","tag-reeleccion","tag-senado"],"_links":{"self":[{"href":"https:\/\/www.visionweb.com.ar\/index.php?rest_route=\/wp\/v2\/posts\/18132","targetHints":{"allow":["GET"]}}],"collection":[{"href":"https:\/\/www.visionweb.com.ar\/index.php?rest_route=\/wp\/v2\/posts"}],"about":[{"href":"https:\/\/www.visionweb.com.ar\/index.php?rest_route=\/wp\/v2\/types\/post"}],"author":[{"embeddable":true,"href":"https:\/\/www.visionweb.com.ar\/index.php?rest_route=\/wp\/v2\/users\/3"}],"replies":[{"embeddable":true,"href":"https:\/\/www.visionweb.com.ar\/index.php?rest_route=%2Fwp%2Fv2%2Fcomments&post=18132"}],"version-history":[{"count":1,"href":"https:\/\/www.visionweb.com.ar\/index.php?rest_route=\/wp\/v2\/posts\/18132\/revisions"}],"predecessor-version":[{"id":18133,"href":"https:\/\/www.visionweb.com.ar\/index.php?rest_route=\/wp\/v2\/posts\/18132\/revisions\/18133"}],"wp:featuredmedia":[{"embeddable":true,"href":"https:\/\/www.visionweb.com.ar\/index.php?rest_route=\/wp\/v2\/media\/9783"}],"wp:attachment":[{"href":"https:\/\/www.visionweb.com.ar\/index.php?rest_route=%2Fwp%2Fv2%2Fmedia&parent=18132"}],"wp:term":[{"taxonomy":"category","embeddable":true,"href":"https:\/\/www.visionweb.com.ar\/index.php?rest_route=%2Fwp%2Fv2%2Fcategories&post=18132"},{"taxonomy":"post_tag","embeddable":true,"href":"https:\/\/www.visionweb.com.ar\/index.php?rest_route=%2Fwp%2Fv2%2Ftags&post=18132"}],"curies":[{"name":"wp","href":"https:\/\/api.w.org\/{rel}","templated":true}]}}