{"id":18129,"date":"2025-05-20T09:42:33","date_gmt":"2025-05-20T12:42:33","guid":{"rendered":"https:\/\/www.visionweb.com.ar\/?p=18129"},"modified":"2025-05-20T09:42:33","modified_gmt":"2025-05-20T12:42:33","slug":"arranca-la-semana-del-cafe-en-lomas-de-zamora","status":"publish","type":"post","link":"https:\/\/www.visionweb.com.ar\/?p=18129","title":{"rendered":"Arranca la Semana del Caf\u00e9 en Lomas de Zamora"},"content":{"rendered":"<p><em><strong>La iniciativa apunta a incentivar\u00a0 el consumo en los bares del sur del Gran Buenos Aires.<\/strong><\/em> <!--more--><\/p>\n<p><img loading=\"lazy\" decoding=\"async\" class=\"size-medium wp-image-18130 alignleft\" src=\"https:\/\/www.visionweb.com.ar\/wp-content\/uploads\/2025\/05\/ACAFETERIAS-300x169.png\" alt=\"\" width=\"300\" height=\"169\" srcset=\"https:\/\/www.visionweb.com.ar\/wp-content\/uploads\/2025\/05\/ACAFETERIAS-300x169.png 300w, https:\/\/www.visionweb.com.ar\/wp-content\/uploads\/2025\/05\/ACAFETERIAS.png 640w\" sizes=\"auto, (max-width: 300px) 100vw, 300px\" \/>Hasta el viernes 23 de mayo estar\u00e1 en pie una iniciativa impulsada por el Municipio de Lomas de Zamora que busca fomentar la gastronom\u00eda local: la Semana del Caf\u00e9, un motivo para disfrutar un momento con tortas y un humeante cafecito.<\/p>\n<p>La Semana del Caf\u00e9 en Comunidad ofrecer\u00e1 promociones en todos los locales adheridos, una modalidad similar a la de Pizzer\u00edas de la Comunidad o La Noche de los Comercios que tienen por objetivo aumentar el movimiento y ventas en los negocios locales.<\/p>\n<p>Durante toda la semana que arranca y hasta el viernes 23 cerca de 70 comercios de todas las localidades lomenses ofrecer\u00e1n un caf\u00e9, caf\u00e9 con leche o t\u00e9 y una porci\u00f3n de torta de la casa a $9.999 que se podr\u00e1n abonar con todos los medios de pago.<\/p>\n<p><strong>Los locales<\/strong><\/p>\n<h3 class=\"wp-block-heading\">Lomas<\/h3>\n<p>Storybrooke (Colombres 181 y Sixto Fern\u00e1ndez 500), La Bizcocher\u00eda (Italia 258), Baroni\u2019s (Loria 350), Somal\u00eda (Gorriti 114), Las Do\u00f1as (Sixto Fern\u00e1ndez 177), Man\u00e9 (Acevedo 160), Caf\u00e9 Par\u00eds (Espa\u00f1a 96), Shonen Manga Caf\u00e9 (Oliden 187), Wonder (Castelli 374), Lev (Italia 501), Caviahue (Acevedo 331), Lekker (Azara 181), El Nido (Manuel Castro 478), La Panera Rosa (Italia 459), Dandy (Italia 459), Le Pain Quotidien (Italia 459), Caf\u00e9 Mart\u00ednez (Italia 154), La Julianna (Meeks 451), Nena Caf\u00e9 (Italia 256), Havanna (Italia 45), Rapanui (Italia 320), Karenco Biotienda (Loria 367), Caf\u00e9 Dal\u00ed (Pellegrini 201), Feca (Colombres 290), Gundy\u2019s (Boedo 595), Panes y Caf\u00e9 (Gorriti 76), Las Medialunas del Abuelo (Laprida 611), Barto Coffee (Mitre 291), 2D Caf\u00e9 (Pereyra Lucena 599), Juma (Colombres 282 e Italia 398), La Argentina (Boedo 111 y Meeks 180), Tienda de Caf\u00e9 (Italia 300), Wister (Italia 428), Candelite (S\u00e1enz 601), Mooi (Sarmiento 495), Pietro Caf\u00e9 (Azara 194) y Tokki (Mitre 287).<\/p>\n<h3 class=\"wp-block-heading\">Banfield<\/h3>\n<p class=\"wp-block-heading\">Sse anotaron en la propuesta con La Planterer\u00eda (Pueyrred\u00f3n 1291), Serendipity (Belgrano 1421), Bandada (Maip\u00fa 494), Jesi Di Marco (Cochabamba 228), La Fuga (Chacabuco 166), Che Mono (Belgrano 1646), La Princesa (Cochabamba 311), Espacio Las Heras (Las Heras 201), Casa Liria (Alvear 1474), Tienda de Caf\u00e9 (Belgrano 1512), Nuevo Modelo (Maip\u00fa 385), Misky (Pe\u00f1a 1650), Blend (Avenida Alsina 562, piso 3), Oma (French 198), Tiara (Avenida Alsina 602), Broome (Alem 901), Buchardo (Avenida Alsina 535), Las Medialunas del Abuelo (Avenida Alsina 520) y Mundo Cocoa (Larroque 202 y French 690).<\/p>\n<h3 class=\"wp-block-heading\">Temperley<\/h3>\n<p>Bubo Bakery (Su\u00e1rez 292), The Cookie Corner (Su\u00e1rez 101), Carmina (Dorrego 375), Cuppa (Meeks 1243), La Casona (Almirante Brown 2748), Misky (Almirante Brown 3124), Caf\u00e9 Bicentenario (Meeks 1095), The Good Place (25 de Mayo 155) y La Budiner\u00eda (Meeks 514).<\/p>\n<h3 class=\"wp-block-heading\">Turdera<\/h3>\n<p>Encontrate (Ant\u00e1rtida Argentina 598), y Casa Negra, (Reconquista 69)-<\/p>\n<h3 class=\"wp-block-heading\">San Jos\u00e9<\/h3>\n<p>El Galp\u00f3n (Jujuy 92)<\/p>\n<h3 class=\"wp-block-heading\">Llavallol<\/h3>\n<p>Aromas &amp; Sabores (Doyhenard 302).<\/p>\n<p><strong>(VW)<\/strong><\/p>\n<p><strong>Fuente Inforegi\u00f3n<\/strong><\/p>\n","protected":false},"excerpt":{"rendered":"<p>La iniciativa apunta a incentivar\u00a0 el consumo en los bares del sur del Gran Buenos Aires.<\/p>\n","protected":false},"author":3,"featured_media":18130,"comment_status":"closed","ping_status":"closed","sticky":false,"template":"","format":"standard","meta":{"_monsterinsights_skip_tracking":false,"_monsterinsights_sitenote_active":false,"_monsterinsights_sitenote_note":"","_monsterinsights_sitenote_category":0,"footnotes":""},"categories":[8],"tags":[7707,828,6822],"class_list":["post-18129","post","type-post","status-publish","format-standard","has-post-thumbnail","hentry","category-interes-general","tag-cafeterias","tag-gastronomia","tag-semana"],"_links":{"self":[{"href":"https:\/\/www.visionweb.com.ar\/index.php?rest_route=\/wp\/v2\/posts\/18129","targetHints":{"allow":["GET"]}}],"collection":[{"href":"https:\/\/www.visionweb.com.ar\/index.php?rest_route=\/wp\/v2\/posts"}],"about":[{"href":"https:\/\/www.visionweb.com.ar\/index.php?rest_route=\/wp\/v2\/types\/post"}],"author":[{"embeddable":true,"href":"https:\/\/www.visionweb.com.ar\/index.php?rest_route=\/wp\/v2\/users\/3"}],"replies":[{"embeddable":true,"href":"https:\/\/www.visionweb.com.ar\/index.php?rest_route=%2Fwp%2Fv2%2Fcomments&post=18129"}],"version-history":[{"count":1,"href":"https:\/\/www.visionweb.com.ar\/index.php?rest_route=\/wp\/v2\/posts\/18129\/revisions"}],"predecessor-version":[{"id":18131,"href":"https:\/\/www.visionweb.com.ar\/index.php?rest_route=\/wp\/v2\/posts\/18129\/revisions\/18131"}],"wp:featuredmedia":[{"embeddable":true,"href":"https:\/\/www.visionweb.com.ar\/index.php?rest_route=\/wp\/v2\/media\/18130"}],"wp:attachment":[{"href":"https:\/\/www.visionweb.com.ar\/index.php?rest_route=%2Fwp%2Fv2%2Fmedia&parent=18129"}],"wp:term":[{"taxonomy":"category","embeddable":true,"href":"https:\/\/www.visionweb.com.ar\/index.php?rest_route=%2Fwp%2Fv2%2Fcategories&post=18129"},{"taxonomy":"post_tag","embeddable":true,"href":"https:\/\/www.visionweb.com.ar\/index.php?rest_route=%2Fwp%2Fv2%2Ftags&post=18129"}],"curies":[{"name":"wp","href":"https:\/\/api.w.org\/{rel}","templated":true}]}}