{"id":18124,"date":"2025-05-19T12:21:02","date_gmt":"2025-05-19T15:21:02","guid":{"rendered":"https:\/\/www.visionweb.com.ar\/?p=18124"},"modified":"2025-05-19T12:21:02","modified_gmt":"2025-05-19T15:21:02","slug":"universidades-publicas-comienza-una-semana-de-visibilizacion-de-la-critica-situacion","status":"publish","type":"post","link":"https:\/\/www.visionweb.com.ar\/?p=18124","title":{"rendered":"Universidades p\u00fablicas: Comienza una semana de visibilizaci\u00f3n de la cr\u00edtica situaci\u00f3n"},"content":{"rendered":"<p><em><strong>Desde hoy y hasta el 23 de mayo se realizar\u00e1n distintas acciones en las universidades p\u00fablicas para visibilizar la crisis.<\/strong><\/em><!--more--><\/p>\n<p><strong>\u00a0 <img loading=\"lazy\" decoding=\"async\" class=\"size-medium wp-image-17511 alignright\" src=\"https:\/\/www.visionweb.com.ar\/wp-content\/uploads\/2025\/03\/UNIVERSIDADES-300x169.png\" alt=\"\" width=\"300\" height=\"169\" srcset=\"https:\/\/www.visionweb.com.ar\/wp-content\/uploads\/2025\/03\/UNIVERSIDADES-300x169.png 300w, https:\/\/www.visionweb.com.ar\/wp-content\/uploads\/2025\/03\/UNIVERSIDADES.png 640w\" sizes=\"auto, (max-width: 300px) 100vw, 300px\" \/>\u00a0\u00a0 L<\/strong>as principales <strong>federaciones docentes universitarias <\/strong>anunciaron una semana de acciones en defensa de la universidad p\u00fablica y para exigir la reapertura de paritarias, que se desarrollar\u00e1 desde este lunes 19 de mayo.<\/p>\n<p>As\u00ed, desde la <strong>CONADU y la FEDUN<\/strong> impulsan la <strong>\u00abSemana de Visibilizaci\u00f3n de la situaci\u00f3n en las Universidades P\u00fablicas\u00bb<\/strong>, con miras a una gran marcha universitaria prevista para la \u00faltima semana de este mes.<\/p>\n<p>La movilizaci\u00f3n se enmarcar\u00e1 en la <strong>presentaci\u00f3n de un proyecto de ley de financiamiento educativo universitario<\/strong>, elaborado de forma conjunta entre los gremios y las autoridades universitarias.<\/p>\n<p>Seg\u00fan explic\u00f3 <strong>Carlos De Feo, secretario general de CONADU<\/strong>, el proyecto apunta a garantizar <strong>fondos para el sistema universitario<\/strong> y se presentar\u00e1 en el Congreso. \u201cEstamos trabajando en este proyecto de ley en el convencimiento de que la disputa tenemos que darla en el Congreso, porque el Poder Ejecutivo ha demostrado con creces su desprecio por el di\u00e1logo y su intenci\u00f3n de destruir la universidad p\u00fablica\u201d, detall\u00f3.<\/p>\n<p>En paralelo, la <strong>Universidad de Buenos Aires<\/strong> se prepara para una <strong>jornada de protesta el jueves 22 de mayo<\/strong>. Docentes, no docentes y estudiantes se movilizar\u00e1n por la apertura de paritarias, la actualizaci\u00f3n de becas y la recomposici\u00f3n del presupuesto. Jorge Anr\u00f3, de la Federaci\u00f3n Argentina del Trabajador de las Universidades Nacionales, expres\u00f3: \u201cLa marcha ser\u00e1 en defensa de la universidad p\u00fablica que el Gobierno ataca de manera permanente\u201d.<\/p>\n<p>Las protestas se dan en un contexto de fuerte deterioro del presupuesto universitario, congelado desde 2023, y con una inflaci\u00f3n que, seg\u00fan datos del INDEC, super\u00f3 el 290% interanual en abril. Adem\u00e1s, el salario de los y las docentes universitarias perdi\u00f3 m\u00e1s de 40 puntos frente a la inflaci\u00f3n desde diciembre, seg\u00fan estimaciones de gremios del sector. Las organizaciones reclaman una recomposici\u00f3n urgente que permita sostener la actividad acad\u00e9mica en todo el pa\u00eds.<\/p>\n<p>Desde la\u00a0<strong>Federaci\u00f3n de Docentes de Universidades de Universidades<\/strong>\u00a0(FEDUN) se\u00f1alaron: <strong>\u201cDel 19 al 23 de mayo, se realizar\u00e1n actividades en las distintas Universidades de nuestro pa\u00eds, para dar a conocer la grave crisis que atraviesan nuestras instituciones\u201d<\/strong>.<\/p>\n<p>D\u00edas atr\u00e1s,\u00a0<strong>el\u00a0Consejo Interuniversitario Nacional\u00a0(CIN)\u00a0alert\u00f3 la grave situaci\u00f3n del sistema cient\u00edfico del pa\u00eds y\u00a0exigi\u00f3 que se restablezca el di\u00e1logo con el sistema universitario<\/strong>\u00a0y que se defina un plan integral que garantice el financiamiento, la estabilidad y la continuidad de la producci\u00f3n cient\u00edfica en el pa\u00eds.<\/p>\n<p>Asimismo, hab\u00eda se\u00f1alado, ya en marzo, que\u00a0<strong>\u201cel desfasaje producido entre la inflaci\u00f3n acumulada y los incrementos recibidos desde noviembre de 2023 a marzo de 2025, es de m\u00e1s del 80 por ciento<\/strong>, lo que acent\u00faa la precaria situaci\u00f3n salarial de trabajadores de la educaci\u00f3n superior\u201d. <strong>(VW)<\/strong><\/p>\n<p>&nbsp;<\/p>\n","protected":false},"excerpt":{"rendered":"<p>Desde hoy y hasta el 23 de mayo se realizar\u00e1n distintas acciones en las universidades p\u00fablicas para visibilizar la crisis.<\/p>\n","protected":false},"author":4,"featured_media":17511,"comment_status":"closed","ping_status":"closed","sticky":false,"template":"","format":"standard","meta":{"_monsterinsights_skip_tracking":false,"_monsterinsights_sitenote_active":false,"_monsterinsights_sitenote_note":"","_monsterinsights_sitenote_category":0,"footnotes":""},"categories":[4,5],"tags":[5142,1026,7706,7705,7704],"class_list":["post-18124","post","type-post","status-publish","format-standard","has-post-thumbnail","hentry","category-politica","category-sociedad","tag-conadu","tag-crisis","tag-fedun","tag-semana-de-visibilizacion","tag-universidades-publicas"],"_links":{"self":[{"href":"https:\/\/www.visionweb.com.ar\/index.php?rest_route=\/wp\/v2\/posts\/18124","targetHints":{"allow":["GET"]}}],"collection":[{"href":"https:\/\/www.visionweb.com.ar\/index.php?rest_route=\/wp\/v2\/posts"}],"about":[{"href":"https:\/\/www.visionweb.com.ar\/index.php?rest_route=\/wp\/v2\/types\/post"}],"author":[{"embeddable":true,"href":"https:\/\/www.visionweb.com.ar\/index.php?rest_route=\/wp\/v2\/users\/4"}],"replies":[{"embeddable":true,"href":"https:\/\/www.visionweb.com.ar\/index.php?rest_route=%2Fwp%2Fv2%2Fcomments&post=18124"}],"version-history":[{"count":1,"href":"https:\/\/www.visionweb.com.ar\/index.php?rest_route=\/wp\/v2\/posts\/18124\/revisions"}],"predecessor-version":[{"id":18125,"href":"https:\/\/www.visionweb.com.ar\/index.php?rest_route=\/wp\/v2\/posts\/18124\/revisions\/18125"}],"wp:featuredmedia":[{"embeddable":true,"href":"https:\/\/www.visionweb.com.ar\/index.php?rest_route=\/wp\/v2\/media\/17511"}],"wp:attachment":[{"href":"https:\/\/www.visionweb.com.ar\/index.php?rest_route=%2Fwp%2Fv2%2Fmedia&parent=18124"}],"wp:term":[{"taxonomy":"category","embeddable":true,"href":"https:\/\/www.visionweb.com.ar\/index.php?rest_route=%2Fwp%2Fv2%2Fcategories&post=18124"},{"taxonomy":"post_tag","embeddable":true,"href":"https:\/\/www.visionweb.com.ar\/index.php?rest_route=%2Fwp%2Fv2%2Ftags&post=18124"}],"curies":[{"name":"wp","href":"https:\/\/api.w.org\/{rel}","templated":true}]}}