{"id":18122,"date":"2025-05-19T11:44:02","date_gmt":"2025-05-19T14:44:02","guid":{"rendered":"https:\/\/www.visionweb.com.ar\/?p=18122"},"modified":"2025-05-19T11:44:02","modified_gmt":"2025-05-19T14:44:02","slug":"la-provincia-desaprueba-el-paro-de-la-feb-previsto-para-manana-martes","status":"publish","type":"post","link":"https:\/\/www.visionweb.com.ar\/?p=18122","title":{"rendered":"La Provincia desaprueba el paro de la FEB previsto para ma\u00f1ana martes"},"content":{"rendered":"<p><em><strong>El ministro de Trabajo bonaerense, Walter Correa, avis\u00f3 que va a descontar el d\u00eda. La FEB hab\u00eda convocado un paro de docentes para el martes 20, luego de rechazar la oferta paritaria del gobierno.<\/strong><\/em><!--more--><\/p>\n<p><img loading=\"lazy\" decoding=\"async\" class=\"size-full wp-image-6941 alignright\" src=\"https:\/\/www.visionweb.com.ar\/wp-content\/uploads\/2022\/08\/CORRERA-WALTER-MINISTRO-DE-TRABAJO-BONAERENSE.bmp\" alt=\"\" width=\"640\" height=\"329\" \/>\u00a0 <strong>L<\/strong>a medida de fuerza hab\u00eda sido anunciada por la <strong>Federaci\u00f3n de Educadores Bonaerenses<\/strong> (<strong>FEB<\/strong>), luego de que sus afiliados rechazaran la oferta salarial paritaria del gobierno.\u00a0El ministro de\u00a0<strong>Trabajo<\/strong>,\u00a0<strong>Walter Correa<\/strong>, puso el grito en el cielo, ya que este podr\u00eda ser el primer paro docente del gobierno de Kicillof.<\/p>\n<p>\u201cEl trabajador que no concurra a desempe\u00f1ar sus tareas se le va a descontar el d\u00eda\u201d, avis\u00f3 el funcionario. Unos segundos antes, Correa <strong>hab\u00eda puesto en duda la medida de fuerza<\/strong>: \u201cNo tenemos ninguna notificaci\u00f3n fehaciente de que alguna organizaci\u00f3n sindical va a accionar con alg\u00fan tipo de medida de acci\u00f3n directa\u201d, dijo.<\/p>\n<div id=\"attachment_2138\" style=\"width: 310px\" class=\"wp-caption alignleft\"><img loading=\"lazy\" decoding=\"async\" aria-describedby=\"caption-attachment-2138\" class=\"wp-image-2138 size-medium\" src=\"https:\/\/www.visionweb.com.ar\/wp-content\/uploads\/2021\/07\/FEB-300x168.png\" alt=\"\" width=\"300\" height=\"168\" srcset=\"https:\/\/www.visionweb.com.ar\/wp-content\/uploads\/2021\/07\/FEB-300x168.png 300w, https:\/\/www.visionweb.com.ar\/wp-content\/uploads\/2021\/07\/FEB-768x430.png 768w, https:\/\/www.visionweb.com.ar\/wp-content\/uploads\/2021\/07\/FEB.png 780w\" sizes=\"auto, (max-width: 300px) 100vw, 300px\" \/><p id=\"caption-attachment-2138\" class=\"wp-caption-text\">FEB Foto archivo 2021<\/p><\/div>\n<p>De esta manera, <strong>el gobierno bonaerense desestim\u00f3 el anuncio de la FEB<\/strong> que es uno de los gremios que conforman el Frente de Unidad Docente Bonaerense (<strong>FUDB<\/strong>).<\/p>\n<p>Cabe recordar, que mientras\u00a0<strong>SUTEBA<\/strong>,\u00a0<strong>UDOCBA<\/strong>,\u00a0<strong>UDA<\/strong>\u00a0y\u00a0<strong>AMET<\/strong>\u00a0<strong>aceptaron la oferta<\/strong>,\u00a0la organizaci\u00f3n que preside\u00a0<strong>Liliana Olivera<\/strong>\u00a0la <strong>rechaz\u00f3, y convoc\u00f3 a un paro de 24 horas para el martes 20 de mayo<\/strong>.<\/p>\n<p>En este punto, el <strong>ministro de Gobierno bonaerense<\/strong>,\u00a0<strong>Carlos Bianco<\/strong>, asegur\u00f3 que\u00a0la FEB \u201cno es representativa ni mucho menos\u201d del sector. \u201c<strong>Lo importante<\/strong> es lo del conjunto, <strong>no lo de una peque\u00f1a parte no representativa<\/strong>\u201d, remarc\u00f3 en su <strong>habitual conferencia de prensa de cada lunes<\/strong>.<\/p>\n<p>M\u00e1s all\u00e1 de este conflicto puntual, el gobierno bonaerense lleg\u00f3 a un acuerdo paritario con casi todos los gremios que representan a los\u00a0<strong>trabajadores estatales<\/strong>.<\/p>\n<p>Tras casi un mes de negociaciones,\u00a0acordaron un aumento salarial del 10% a pagar en dos cuotas tomando como base los sueldos de marzo. Se espera que en junio vuelvan a encontrarse para analizar la evoluci\u00f3n de los haberes y de la\u00a0inflaci\u00f3n. <strong>(VW)<\/strong><\/p>\n","protected":false},"excerpt":{"rendered":"<p>El ministro de Trabajo bonaerense, Walter Correa, avis\u00f3 que va a descontar el d\u00eda. La FEB hab\u00eda convocado un paro de docentes para el martes 20, luego de rechazar la oferta paritaria del gobierno.<\/p>\n","protected":false},"author":4,"featured_media":6941,"comment_status":"closed","ping_status":"closed","sticky":false,"template":"","format":"standard","meta":{"_monsterinsights_skip_tracking":false,"_monsterinsights_sitenote_active":false,"_monsterinsights_sitenote_note":"","_monsterinsights_sitenote_category":0,"footnotes":""},"categories":[4,5],"tags":[410,7703,659,158,7702,5034],"class_list":["post-18122","post","type-post","status-publish","format-standard","has-post-thumbnail","hentry","category-politica","category-sociedad","tag-docentes","tag-el-gobierno-desestimo-el-paro","tag-feb","tag-paritarias","tag-paro-martes-20-de-mayo","tag-walter-correa"],"_links":{"self":[{"href":"https:\/\/www.visionweb.com.ar\/index.php?rest_route=\/wp\/v2\/posts\/18122","targetHints":{"allow":["GET"]}}],"collection":[{"href":"https:\/\/www.visionweb.com.ar\/index.php?rest_route=\/wp\/v2\/posts"}],"about":[{"href":"https:\/\/www.visionweb.com.ar\/index.php?rest_route=\/wp\/v2\/types\/post"}],"author":[{"embeddable":true,"href":"https:\/\/www.visionweb.com.ar\/index.php?rest_route=\/wp\/v2\/users\/4"}],"replies":[{"embeddable":true,"href":"https:\/\/www.visionweb.com.ar\/index.php?rest_route=%2Fwp%2Fv2%2Fcomments&post=18122"}],"version-history":[{"count":1,"href":"https:\/\/www.visionweb.com.ar\/index.php?rest_route=\/wp\/v2\/posts\/18122\/revisions"}],"predecessor-version":[{"id":18123,"href":"https:\/\/www.visionweb.com.ar\/index.php?rest_route=\/wp\/v2\/posts\/18122\/revisions\/18123"}],"wp:featuredmedia":[{"embeddable":true,"href":"https:\/\/www.visionweb.com.ar\/index.php?rest_route=\/wp\/v2\/media\/6941"}],"wp:attachment":[{"href":"https:\/\/www.visionweb.com.ar\/index.php?rest_route=%2Fwp%2Fv2%2Fmedia&parent=18122"}],"wp:term":[{"taxonomy":"category","embeddable":true,"href":"https:\/\/www.visionweb.com.ar\/index.php?rest_route=%2Fwp%2Fv2%2Fcategories&post=18122"},{"taxonomy":"post_tag","embeddable":true,"href":"https:\/\/www.visionweb.com.ar\/index.php?rest_route=%2Fwp%2Fv2%2Ftags&post=18122"}],"curies":[{"name":"wp","href":"https:\/\/api.w.org\/{rel}","templated":true}]}}