{"id":18093,"date":"2025-05-15T09:21:19","date_gmt":"2025-05-15T12:21:19","guid":{"rendered":"https:\/\/www.visionweb.com.ar\/?p=18093"},"modified":"2025-05-15T09:21:19","modified_gmt":"2025-05-15T12:21:19","slug":"provincia-oferto-una-suba-del-10-en-dos-tramos","status":"publish","type":"post","link":"https:\/\/www.visionweb.com.ar\/?p=18093","title":{"rendered":"Provincia ofert\u00f3 una suba del 10% en dos tramos"},"content":{"rendered":"<p><em><strong>Por su parte los docentes la propuesta a consideraci\u00f3n de sus bases. La reuniones con los representantes de los dos sectores se llevaron a cabo en forma virtual.<\/strong><\/em><!--more--><\/p>\n<p><img loading=\"lazy\" decoding=\"async\" class=\"size-medium wp-image-8493 alignright\" src=\"https:\/\/www.visionweb.com.ar\/wp-content\/uploads\/2022\/12\/Docentes-partirarias-22-300x145.png\" alt=\"\" width=\"300\" height=\"145\" srcset=\"https:\/\/www.visionweb.com.ar\/wp-content\/uploads\/2022\/12\/Docentes-partirarias-22-300x145.png 300w, https:\/\/www.visionweb.com.ar\/wp-content\/uploads\/2022\/12\/Docentes-partirarias-22-768x372.png 768w, https:\/\/www.visionweb.com.ar\/wp-content\/uploads\/2022\/12\/Docentes-partirarias-22.png 839w\" sizes=\"auto, (max-width: 300px) 100vw, 300px\" \/>En la reanudaci\u00f3n de la negociaci\u00f3n salarial,\u00a0<strong>el Gobierno bonaerense mejor\u00f3 la oferta salarial para los docentes y estatales\u00a0<\/strong>que hab\u00eda quedado trunca d\u00edas atr\u00e1s, por haber sido considerada insuficiente.<\/p>\n<p>Tras mantener encuentros con los representantes de los dos sectores, se ofert\u00f3 a los gremios que nuclean a las y los trabajadores de la Ley 10.430 y a los docentes de la Provincia\u00a0<strong>dos nuevos tramos de aumento salarial de 6% en mayo y 4% en julio<\/strong>, respecto de los haberes vigentes al mes de marzo. Este acuerdo incluye el compromiso de reapertura de las negociaciones en agosto.<\/p>\n<p>En este marco,\u00a0<strong>los estatales de la Ley 10.430 aceptaron la propuesta, mientras que los docentes anunciaron que la llevar\u00e1n a consideraci\u00f3n de las bases.<\/strong><\/p>\n<p>\u201cA\u00fan en el complejo contexto fiscal que atraviesa la Provincia, continuidad del iniciado en 2024 producto del recorte de transferencias no autom\u00e1ticas por parte del Gobierno nacional, y profundizado por la ca\u00edda de la recaudaci\u00f3n debido a la recesi\u00f3n y a decisiones unilaterales del Gobierno nacional que atentan contra la coparticipaci\u00f3n y generan incertidumbre a las provincias, el Gobierno provincial mantiene su compromiso con la calidad de las condiciones laborales de sus trabajadores y trabajadoras\u201d, indicaron desde la gesti\u00f3n de Axel Kicillof.<\/p>\n<p>Pese a que los gremios Suteba, FEB, Amet, Sadop y Udocba se comprometieron en la reuni\u00f3n que se realiz\u00f3 de manera virtual a llevar la propuesta a sus diversas asambleas, esperaban que la oferta sea a\u00fan mejor. Es que, indicaron, en el caso de un maestro de grado sin antig\u00fcedad, el sueldo actual de $603.000 trepar\u00e1 a $670.000 con el cobro de agosto.<\/p>\n<p>Cabe recordar que el \u00faltimo acuerdo alcanzado fue en febrero con una suba del 7% al salario b\u00e1sico que se percibi\u00f3 en marzo y un ajuste del 2% cobrado en abril. Sin embargo, despu\u00e9s de esas cifras, la inflaci\u00f3n sufri\u00f3 una aceleraci\u00f3n, y la \u00faltima medici\u00f3n del Indec marc\u00f3 un 3,7%, y caso 6% en alimentos. A esto se suma la inflaci\u00f3n de abril.<strong>(VW)<\/strong><\/p>\n","protected":false},"excerpt":{"rendered":"<p>Por su parte los docentes la propuesta a consideraci\u00f3n de sus bases. La reuniones con los representantes de los dos sectores se llevaron a cabo en forma virtual.<\/p>\n","protected":false},"author":3,"featured_media":8493,"comment_status":"closed","ping_status":"closed","sticky":false,"template":"","format":"standard","meta":{"_monsterinsights_skip_tracking":false,"_monsterinsights_sitenote_active":false,"_monsterinsights_sitenote_note":"","_monsterinsights_sitenote_category":0,"footnotes":""},"categories":[4],"tags":[1123,410,5257,56],"class_list":["post-18093","post","type-post","status-publish","format-standard","has-post-thumbnail","hentry","category-politica","tag-bases","tag-docentes","tag-propuesta","tag-salarios"],"_links":{"self":[{"href":"https:\/\/www.visionweb.com.ar\/index.php?rest_route=\/wp\/v2\/posts\/18093","targetHints":{"allow":["GET"]}}],"collection":[{"href":"https:\/\/www.visionweb.com.ar\/index.php?rest_route=\/wp\/v2\/posts"}],"about":[{"href":"https:\/\/www.visionweb.com.ar\/index.php?rest_route=\/wp\/v2\/types\/post"}],"author":[{"embeddable":true,"href":"https:\/\/www.visionweb.com.ar\/index.php?rest_route=\/wp\/v2\/users\/3"}],"replies":[{"embeddable":true,"href":"https:\/\/www.visionweb.com.ar\/index.php?rest_route=%2Fwp%2Fv2%2Fcomments&post=18093"}],"version-history":[{"count":1,"href":"https:\/\/www.visionweb.com.ar\/index.php?rest_route=\/wp\/v2\/posts\/18093\/revisions"}],"predecessor-version":[{"id":18094,"href":"https:\/\/www.visionweb.com.ar\/index.php?rest_route=\/wp\/v2\/posts\/18093\/revisions\/18094"}],"wp:featuredmedia":[{"embeddable":true,"href":"https:\/\/www.visionweb.com.ar\/index.php?rest_route=\/wp\/v2\/media\/8493"}],"wp:attachment":[{"href":"https:\/\/www.visionweb.com.ar\/index.php?rest_route=%2Fwp%2Fv2%2Fmedia&parent=18093"}],"wp:term":[{"taxonomy":"category","embeddable":true,"href":"https:\/\/www.visionweb.com.ar\/index.php?rest_route=%2Fwp%2Fv2%2Fcategories&post=18093"},{"taxonomy":"post_tag","embeddable":true,"href":"https:\/\/www.visionweb.com.ar\/index.php?rest_route=%2Fwp%2Fv2%2Ftags&post=18093"}],"curies":[{"name":"wp","href":"https:\/\/api.w.org\/{rel}","templated":true}]}}