{"id":18087,"date":"2025-05-14T09:24:28","date_gmt":"2025-05-14T12:24:28","guid":{"rendered":"https:\/\/www.visionweb.com.ar\/?p=18087"},"modified":"2025-05-14T09:24:28","modified_gmt":"2025-05-14T12:24:28","slug":"docentes-y-estatales-retoman-la-paritaria-para-intentar-llegar-a-un-acuerdo-salarial","status":"publish","type":"post","link":"https:\/\/www.visionweb.com.ar\/?p=18087","title":{"rendered":"Docentes y estatales retoman la paritaria para intentar llegar a un acuerdo salarial"},"content":{"rendered":"<p><em><strong>Ser\u00e1 este mi\u00e9rcoles en La Plata, tras una serie de postergaciones. Los gremios vienen de rechazar la oferta del 7% de aumento en dos tramos.<\/strong><\/em><!--more--><\/p>\n<p><img loading=\"lazy\" decoding=\"async\" class=\"size-medium wp-image-17037 alignleft\" src=\"https:\/\/www.visionweb.com.ar\/wp-content\/uploads\/2025\/01\/DOCENTES-PARITARIAS-300x199.png\" alt=\"\" width=\"300\" height=\"199\" srcset=\"https:\/\/www.visionweb.com.ar\/wp-content\/uploads\/2025\/01\/DOCENTES-PARITARIAS-300x199.png 300w, https:\/\/www.visionweb.com.ar\/wp-content\/uploads\/2025\/01\/DOCENTES-PARITARIAS.png 640w\" sizes=\"auto, (max-width: 300px) 100vw, 300px\" \/>Los gremios docentes, estatales y judiciales de la provincia de Buenos Aires volver\u00e1n a reunirse este mi\u00e9rcoles con autoridades del Gobierno de Axel Kicillof, luego de una serie de postergaciones, lo que gener\u00f3 cierta preocupaci\u00f3n en los gremios que esperan esta vez cerrar un acuerdo para los pr\u00f3ximos meses.<\/p>\n<p>Si bien i<strong>ban a reunirse la semana pasada, luego esa cumbre se pas\u00f3 para el lunes, d\u00eda que se posterg\u00f3 para este mi\u00e9rcoles. Esta reuni\u00f3n en el Ministerio de Trabajo se da tras el rechazo\u00a0<\/strong>de una suba del 7% en dos tramos. La expectativa pasa por una cifra en torno a los dos d\u00edgitos.<\/p>\n<p>El Frente de Unidad Docente Bonaerense (FUDB), integrado por Suteba, FEB, Amet, Sadop y Udocba, se sentar\u00e1 a la mesa paritaria en la sede de calle 7 del Ministerio de Trabajo, al igual que los trabajadores estatales -ATE, Fegeppba y UPCN- y los representantes de la Asociaci\u00f3n Judicial Bonaerense (AJB).<\/p>\n<p>Los gremios llegan a esta nueva reuni\u00f3n (la primera no recibieron una oferta) con expectativas de una oferta mayor a\u00a0<a href=\"https:\/\/dib.com.ar\/2025\/04\/docentes-rechazaron-la-oferta-de-la-provincia-y-la-paritaria-paso-a-un-cuarto-intermedio\/\">la de la semana pasada, rechazada por \u201cinsuficiente\u201d<\/a>. En ese encuentro, la oferta que se puso sobre la mesa fue de un 4% de incremento para mayo, (a cobrar en junio), y del 3% en julio (a cobrar en agosto), totalizando una suba del 7% pero sobre la base del salario de marzo.<\/p>\n<p>Cabe recordar que el \u00faltimo acuerdo alcanzado fue en febrero con una suba del 7% al salario b\u00e1sico que se percibi\u00f3 en marzo y un ajuste del 2% cobrado en abril. Sin embargo, despu\u00e9s de esas cifras, la inflaci\u00f3n sufri\u00f3 una aceleraci\u00f3n, y la \u00faltima medici\u00f3n del Indec marc\u00f3 un 3,7%, y caso 6% en alimentos. A esto se sumar\u00e1 como m\u00ednimo otro 3% de inflaci\u00f3n de abril, de acuerdo a estimaciones del propio ministro de Econom\u00eda, Luis Caputo (VW)<\/p>\n<p>Fuente: Agencia DIB<\/p>\n","protected":false},"excerpt":{"rendered":"<p>Ser\u00e1 este mi\u00e9rcoles en La Plata, tras una serie de postergaciones. Los gremios vienen de rechazar la oferta del 7% de aumento en dos tramos.<\/p>\n","protected":false},"author":3,"featured_media":12555,"comment_status":"closed","ping_status":"closed","sticky":false,"template":"","format":"standard","meta":{"_monsterinsights_skip_tracking":false,"_monsterinsights_sitenote_active":false,"_monsterinsights_sitenote_note":"","_monsterinsights_sitenote_category":0,"footnotes":""},"categories":[4],"tags":[410,158,7687],"class_list":["post-18087","post","type-post","status-publish","format-standard","has-post-thumbnail","hentry","category-politica","tag-docentes","tag-paritarias","tag-salariost"],"_links":{"self":[{"href":"https:\/\/www.visionweb.com.ar\/index.php?rest_route=\/wp\/v2\/posts\/18087","targetHints":{"allow":["GET"]}}],"collection":[{"href":"https:\/\/www.visionweb.com.ar\/index.php?rest_route=\/wp\/v2\/posts"}],"about":[{"href":"https:\/\/www.visionweb.com.ar\/index.php?rest_route=\/wp\/v2\/types\/post"}],"author":[{"embeddable":true,"href":"https:\/\/www.visionweb.com.ar\/index.php?rest_route=\/wp\/v2\/users\/3"}],"replies":[{"embeddable":true,"href":"https:\/\/www.visionweb.com.ar\/index.php?rest_route=%2Fwp%2Fv2%2Fcomments&post=18087"}],"version-history":[{"count":1,"href":"https:\/\/www.visionweb.com.ar\/index.php?rest_route=\/wp\/v2\/posts\/18087\/revisions"}],"predecessor-version":[{"id":18088,"href":"https:\/\/www.visionweb.com.ar\/index.php?rest_route=\/wp\/v2\/posts\/18087\/revisions\/18088"}],"wp:featuredmedia":[{"embeddable":true,"href":"https:\/\/www.visionweb.com.ar\/index.php?rest_route=\/wp\/v2\/media\/12555"}],"wp:attachment":[{"href":"https:\/\/www.visionweb.com.ar\/index.php?rest_route=%2Fwp%2Fv2%2Fmedia&parent=18087"}],"wp:term":[{"taxonomy":"category","embeddable":true,"href":"https:\/\/www.visionweb.com.ar\/index.php?rest_route=%2Fwp%2Fv2%2Fcategories&post=18087"},{"taxonomy":"post_tag","embeddable":true,"href":"https:\/\/www.visionweb.com.ar\/index.php?rest_route=%2Fwp%2Fv2%2Ftags&post=18087"}],"curies":[{"name":"wp","href":"https:\/\/api.w.org\/{rel}","templated":true}]}}