{"id":18079,"date":"2025-05-13T11:58:15","date_gmt":"2025-05-13T14:58:15","guid":{"rendered":"https:\/\/www.visionweb.com.ar\/?p=18079"},"modified":"2025-05-13T11:58:15","modified_gmt":"2025-05-13T14:58:15","slug":"otra-marcha-contra-la-inseguridad-en-lanus","status":"publish","type":"post","link":"https:\/\/www.visionweb.com.ar\/?p=18079","title":{"rendered":"Otra marcha contra la inseguridad en Lan\u00fas"},"content":{"rendered":"<p><em><strong>La oposici\u00f3n se suma: El concejal Guillermo Bonafina cuestion\u00f3 al intendente Juli\u00e1n \u00c1lvarez por la falta de respuestas ante la creciente inseguridad en Lan\u00fas. Las principales exigencias son mayor presencia policial, junto a la extensi\u00f3n de los foros vecinales para el observatorio de seguridad, entre otros puntos.<\/strong><\/em><!--more--><\/p>\n<p><strong><img loading=\"lazy\" decoding=\"async\" class=\"size-medium wp-image-18080 alignright\" src=\"https:\/\/www.visionweb.com.ar\/wp-content\/uploads\/2025\/05\/vecinos-de-lanus-piden-seguridad-300x169.png\" alt=\"\" width=\"300\" height=\"169\" srcset=\"https:\/\/www.visionweb.com.ar\/wp-content\/uploads\/2025\/05\/vecinos-de-lanus-piden-seguridad-300x169.png 300w, https:\/\/www.visionweb.com.ar\/wp-content\/uploads\/2025\/05\/vecinos-de-lanus-piden-seguridad.png 658w\" sizes=\"auto, (max-width: 300px) 100vw, 300px\" \/>\u00a0\u00a0 V<\/strong>ecinos de <strong>Lan\u00fas<\/strong> agobiados por la <strong>inseguridad<\/strong> marcharon frente a la Municipalidad local para exigir a las autoridades medidas\u00a0<strong>para frenar la ola delictiva que asola el partido<\/strong>, al tiempo que adelantaron la presentaci\u00f3n de un petitorio con una serie de reclamos.<\/p>\n<p>Otro hecho de inseguridad sacudi\u00f3 al\u00a0<strong><a href=\"https:\/\/www.lanus.gob.ar\/\">municipio bonaerense de Lan\u00fas<\/a><\/strong>\u00a0y volvi\u00f3 a encender las cr\u00edticas contra el\u00a0<strong>intendente, Juli\u00e1n \u00c1lvarez<\/strong>.<\/p>\n<p>En ese sentido, el\u00a0<strong>concejal de Juntos<\/strong>,\u00a0<strong>Guillermo Bonafina<\/strong>, apunt\u00f3 contra el\u00a0<strong>mandatario local<\/strong>\u00a0y su gesti\u00f3n en materia de seguridad y advirti\u00f3 que quiere \u201centender<strong>\u00a0cu\u00e1l es el plan o no plan de seguridad que ten\u00e9s<\/strong>\u201d, expres\u00f3.<\/p>\n<p>El mensaje surgi\u00f3 tras un violento episodio ocurrido el domingo por la ma\u00f1ana en\u00a0<strong>Remedios de Escalada<\/strong>. Mariano, un vecino del distrito, fue abordado por dos hombres armados mientras intentaba preparar su auto, quienes lo enca\u00f1onaron, lo obligaron a entregar el veh\u00edculo y lo secuestraron durante casi una hora. Con el reh\u00e9n en los asientos traseros, los delincuentes asaltaron a una pareja en la v\u00eda p\u00fablica y luego lo liberaron cerca del cementerio de\u00a0<strong>Lomas de Zamora<\/strong>, inform\u00f3 Diputados Bonaerenses.<\/p>\n<p>En ese marco, el\u00a0<strong>concejal<\/strong>\u00a0<strong>de la oposici\u00f3n lanusense<\/strong>\u00a0us\u00f3 este hecho como ejemplo de lo que defini\u00f3 como \u201cla inseguridad m\u00e1s alta de todos los tiempos\u201d en el distrito.<\/p>\n<p>En otro de sus posteos,\u00a0<strong>Bonafina\u00a0<\/strong>se\u00f1al\u00f3 que los vecinos \u201cya no pueden ni siquiera ir al almac\u00e9n\u201d sin temor a ser v\u00edctimas de un delito. \u201cEstamos ante la situaci\u00f3n m\u00e1s absurda\u201d, denunci\u00f3.<\/p>\n<p>Adem\u00e1s, el\u00a0<strong>edil del bloque Juntos<\/strong>, cuestion\u00f3 a\u00a0<strong>\u00c1lvarez\u00a0<\/strong>por no dar respuestas claras sobre las pol\u00edticas de prevenci\u00f3n del delito, y acus\u00f3 al\u00a0<strong>jefe comunal<\/strong>\u00a0<strong>de Uni\u00f3n por la Patria<\/strong>\u00a0(<strong>UxP<\/strong>) por politizar el problema. \u201c<strong>La seguridad no tiene nada que ver con la pol\u00edtica. Es un tema que nos preocupa a todos los vecinos<\/strong>\u201d.<\/p>\n<p>En ese sentido, el dirigente local puntualiz\u00f3 que si bien, hasta el momento, hab\u00eda evitado sumarse a las manifestaciones organizadas frente al\u00a0<strong>Municipio<\/strong>, la falta de reacci\u00f3n del\u00a0<strong>Gobierno local<\/strong>\u00a0lo motiv\u00f3 a involucrarse y ser part\u00edcipe del reclamo comunitario.<\/p>\n<p>Cabe recordar lo sucedido la<strong> semana pasada, donde la concentraci\u00f3n parti\u00f3 de diferentes puntos del distrito y confluy\u00f3 en el establecimiento ubicado sobre Avenida Hip\u00f3lito Yrigoyen. All\u00ed, cortaron el tr\u00e1nsito con el objetivo de ser recibidos por el mismo intendente Juli\u00e1n \u00c1lvarez, algo que finalmente no ocurri\u00f3. (VW)<\/strong><\/p>\n","protected":false},"excerpt":{"rendered":"<p>La oposici\u00f3n se suma: El concejal Guillermo Bonafina cuestion\u00f3 al intendente Juli\u00e1n \u00c1lvarez por la falta de respuestas ante la creciente inseguridad en Lan\u00fas. Las principales exigencias son mayor presencia policial, junto a la&#46;&#46;&#46;<\/p>\n","protected":false},"author":4,"featured_media":18080,"comment_status":"closed","ping_status":"closed","sticky":false,"template":"","format":"standard","meta":{"_monsterinsights_skip_tracking":false,"_monsterinsights_sitenote_active":false,"_monsterinsights_sitenote_note":"","_monsterinsights_sitenote_category":0,"footnotes":""},"categories":[4,5],"tags":[7682,240,5342,19,7683],"class_list":["post-18079","post","type-post","status-publish","format-standard","has-post-thumbnail","hentry","category-politica","category-sociedad","tag-guillermo-bonafina","tag-inseguridad","tag-julian-alvarez","tag-lanus","tag-marcha-de-vecinos"],"_links":{"self":[{"href":"https:\/\/www.visionweb.com.ar\/index.php?rest_route=\/wp\/v2\/posts\/18079","targetHints":{"allow":["GET"]}}],"collection":[{"href":"https:\/\/www.visionweb.com.ar\/index.php?rest_route=\/wp\/v2\/posts"}],"about":[{"href":"https:\/\/www.visionweb.com.ar\/index.php?rest_route=\/wp\/v2\/types\/post"}],"author":[{"embeddable":true,"href":"https:\/\/www.visionweb.com.ar\/index.php?rest_route=\/wp\/v2\/users\/4"}],"replies":[{"embeddable":true,"href":"https:\/\/www.visionweb.com.ar\/index.php?rest_route=%2Fwp%2Fv2%2Fcomments&post=18079"}],"version-history":[{"count":1,"href":"https:\/\/www.visionweb.com.ar\/index.php?rest_route=\/wp\/v2\/posts\/18079\/revisions"}],"predecessor-version":[{"id":18081,"href":"https:\/\/www.visionweb.com.ar\/index.php?rest_route=\/wp\/v2\/posts\/18079\/revisions\/18081"}],"wp:featuredmedia":[{"embeddable":true,"href":"https:\/\/www.visionweb.com.ar\/index.php?rest_route=\/wp\/v2\/media\/18080"}],"wp:attachment":[{"href":"https:\/\/www.visionweb.com.ar\/index.php?rest_route=%2Fwp%2Fv2%2Fmedia&parent=18079"}],"wp:term":[{"taxonomy":"category","embeddable":true,"href":"https:\/\/www.visionweb.com.ar\/index.php?rest_route=%2Fwp%2Fv2%2Fcategories&post=18079"},{"taxonomy":"post_tag","embeddable":true,"href":"https:\/\/www.visionweb.com.ar\/index.php?rest_route=%2Fwp%2Fv2%2Ftags&post=18079"}],"curies":[{"name":"wp","href":"https:\/\/api.w.org\/{rel}","templated":true}]}}