{"id":18044,"date":"2025-05-08T12:03:14","date_gmt":"2025-05-08T15:03:14","guid":{"rendered":"https:\/\/www.visionweb.com.ar\/?p=18044"},"modified":"2025-05-08T12:03:14","modified_gmt":"2025-05-08T15:03:14","slug":"pablo-grillo-con-grandes-mejoras-de-salud","status":"publish","type":"post","link":"https:\/\/www.visionweb.com.ar\/?p=18044","title":{"rendered":"Pablo Grillo con grandes mejoras de salud"},"content":{"rendered":"<p><em><strong>El reportero gr\u00e1fico presenta notables signos de recuperaci\u00f3n. Contin\u00faa en el Hospital Ramos Mej\u00eda y ser\u00e1 dado de alta la semana que viene, seg\u00fan dijo su padre. \u201cVamos Pablo que cada vez falta menos\u201d.\u00a0<\/strong><\/em><!--more--><\/p>\n<div id=\"attachment_18045\" style=\"width: 310px\" class=\"wp-caption alignright\"><img loading=\"lazy\" decoding=\"async\" aria-describedby=\"caption-attachment-18045\" class=\"wp-image-18045 size-medium\" src=\"https:\/\/www.visionweb.com.ar\/wp-content\/uploads\/2025\/05\/pablo-grillo-instagram-300x251.png\" alt=\"\" width=\"300\" height=\"251\" srcset=\"https:\/\/www.visionweb.com.ar\/wp-content\/uploads\/2025\/05\/pablo-grillo-instagram-300x251.png 300w, https:\/\/www.visionweb.com.ar\/wp-content\/uploads\/2025\/05\/pablo-grillo-instagram.png 488w\" sizes=\"auto, (max-width: 300px) 100vw, 300px\" \/><p id=\"caption-attachment-18045\" class=\"wp-caption-text\">Imagen de Instagram, padres Grillo<\/p><\/div>\n<p><strong> \u00a0 Pablo Grillo<\/strong>, el fot\u00f3grafo de 35 a\u00f1os alcanzado por un proyectil de gas lacrim\u00f3geno durante una represi\u00f3n en una marcha de jubilados frente al Congreso el pasado 12 de marzo, reapareci\u00f3 en p\u00fablico tras 55 d\u00edas de internaci\u00f3n en terapia intensiva, se mostr\u00f3 en un balc\u00f3n del\u00a0<strong>Hospital Ramos Mej\u00eda acompa\u00f1ado por su padre y personal m\u00e9dico.<\/strong><\/p>\n<p>Este jueves, Grillo padre cont\u00f3 en\u00a0<strong>Radio Splendid<\/strong>\u00a0que su hijo\u00a0<strong>\u201cest\u00e1 embalado\u201d<\/strong>\u00a0con su proceso de recuperaci\u00f3n en el\u00a0<strong>Hospital Ramos Mej\u00eda<\/strong>, dijo que ayer lo visit\u00f3 en el hospital su \u00eddolo futbol\u00edstico\u00a0<strong>Ricardo Enrique Bochini<\/strong>, y asegur\u00f3 que \u201c<strong>despu\u00e9s de todo lo que pas\u00f3, verlo as\u00ed es asombroso<\/strong>, y todo es gracias a los m\u00e9dicos, al hospital p\u00fablico\u201d.<\/p>\n<p>Las im\u00e1genes compartidas en la cuenta de Instagram \u201c<strong>Justicia por Pablo Grillo<\/strong>\u201d lo muestran con una bata celeste y un gorro de Independiente, su club favorito, disfrutando del aire libre.<\/p>\n<p>\u201cNo fue a hacerse ning\u00fan estudio ni chequeo, sali\u00f3 a disfrutar un poco de aire fresco y recorrer los balcones del hospital Ramos Mej\u00eda\u201d, expresaron sus familiares en la publicaci\u00f3n. <strong>\u201cLa alegr\u00eda es total. El agradecimiento es eterno. Vamos Pablo que cada vez falta menos\u201d<\/strong>, a\u00f1adieron.<\/p>\n<p>Cabe recordar, que Grillo fue gravemente herido al recibir el impacto de una c\u00e1psula de gas lacrim\u00f3geno en la cabeza, lo que le provoc\u00f3 una fractura de cr\u00e1neo y p\u00e9rdida de masa encef\u00e1lica. Desde entonces, tuvo que ser sometido a varias intervenciones quir\u00fargicas y contin\u00faa en proceso de rehabilitaci\u00f3n.<\/p>\n<p>La familia de Grillo ha iniciado acciones legales contra el Estado por el accionar de las fuerzas de seguridad durante la manifestaci\u00f3n. La ministra de Seguridad,\u00a0<strong>Patricia Bullrich<\/strong>, expres\u00f3 su solidaridad con la familia, pero neg\u00f3 que el disparo haya sido directo a la cabeza, y asegur\u00f3 que se actu\u00f3 conforme a los protocolos establecidos. <strong>(VW)<\/strong><\/p>\n","protected":false},"excerpt":{"rendered":"<p>El reportero gr\u00e1fico presenta notables signos de recuperaci\u00f3n. Contin\u00faa en el Hospital Ramos Mej\u00eda y ser\u00e1 dado de alta la semana que viene, seg\u00fan dijo su padre. \u201cVamos Pablo que cada vez falta menos\u201d.\u00a0<\/p>\n","protected":false},"author":4,"featured_media":18045,"comment_status":"closed","ping_status":"closed","sticky":false,"template":"","format":"standard","meta":{"_monsterinsights_skip_tracking":false,"_monsterinsights_sitenote_active":false,"_monsterinsights_sitenote_note":"","_monsterinsights_sitenote_category":0,"footnotes":""},"categories":[8,5],"tags":[7669,7668,7457,6627],"class_list":["post-18044","post","type-post","status-publish","format-standard","has-post-thumbnail","hentry","category-interes-general","category-sociedad","tag-marcha-jubidados","tag-mejora-su-salud","tag-pablo-grillo","tag-represion"],"_links":{"self":[{"href":"https:\/\/www.visionweb.com.ar\/index.php?rest_route=\/wp\/v2\/posts\/18044","targetHints":{"allow":["GET"]}}],"collection":[{"href":"https:\/\/www.visionweb.com.ar\/index.php?rest_route=\/wp\/v2\/posts"}],"about":[{"href":"https:\/\/www.visionweb.com.ar\/index.php?rest_route=\/wp\/v2\/types\/post"}],"author":[{"embeddable":true,"href":"https:\/\/www.visionweb.com.ar\/index.php?rest_route=\/wp\/v2\/users\/4"}],"replies":[{"embeddable":true,"href":"https:\/\/www.visionweb.com.ar\/index.php?rest_route=%2Fwp%2Fv2%2Fcomments&post=18044"}],"version-history":[{"count":1,"href":"https:\/\/www.visionweb.com.ar\/index.php?rest_route=\/wp\/v2\/posts\/18044\/revisions"}],"predecessor-version":[{"id":18046,"href":"https:\/\/www.visionweb.com.ar\/index.php?rest_route=\/wp\/v2\/posts\/18044\/revisions\/18046"}],"wp:featuredmedia":[{"embeddable":true,"href":"https:\/\/www.visionweb.com.ar\/index.php?rest_route=\/wp\/v2\/media\/18045"}],"wp:attachment":[{"href":"https:\/\/www.visionweb.com.ar\/index.php?rest_route=%2Fwp%2Fv2%2Fmedia&parent=18044"}],"wp:term":[{"taxonomy":"category","embeddable":true,"href":"https:\/\/www.visionweb.com.ar\/index.php?rest_route=%2Fwp%2Fv2%2Fcategories&post=18044"},{"taxonomy":"post_tag","embeddable":true,"href":"https:\/\/www.visionweb.com.ar\/index.php?rest_route=%2Fwp%2Fv2%2Ftags&post=18044"}],"curies":[{"name":"wp","href":"https:\/\/api.w.org\/{rel}","templated":true}]}}