{"id":18035,"date":"2025-05-07T14:50:06","date_gmt":"2025-05-07T17:50:06","guid":{"rendered":"https:\/\/www.visionweb.com.ar\/?p=18035"},"modified":"2025-05-07T14:50:06","modified_gmt":"2025-05-07T17:50:06","slug":"colapinto-anuncio-con-ingenio-su-regreso-a-la-f-1","status":"publish","type":"post","link":"https:\/\/www.visionweb.com.ar\/?p=18035","title":{"rendered":"Colapinto anunci\u00f3 con ingenio su regreso a la F-1"},"content":{"rendered":"<p><em><strong>Con una idea muy original, el piloto festej\u00f3 su regreso a la M\u00e1xima categor\u00eda del automovilismo con la \u201cBati-pinto\u201d.<\/strong><\/em><!--more--><\/p>\n<div id=\"attachment_18036\" style=\"width: 310px\" class=\"wp-caption alignright\"><img loading=\"lazy\" decoding=\"async\" aria-describedby=\"caption-attachment-18036\" class=\"wp-image-18036 size-medium\" src=\"https:\/\/www.visionweb.com.ar\/wp-content\/uploads\/2025\/05\/anuncio-colapinto-300x216.png\" alt=\"\" width=\"300\" height=\"216\" srcset=\"https:\/\/www.visionweb.com.ar\/wp-content\/uploads\/2025\/05\/anuncio-colapinto-300x216.png 300w, https:\/\/www.visionweb.com.ar\/wp-content\/uploads\/2025\/05\/anuncio-colapinto.png 471w\" sizes=\"auto, (max-width: 300px) 100vw, 300px\" \/><p id=\"caption-attachment-18036\" class=\"wp-caption-text\">El particular post que hizo el piloto en sus redes sociales como festejo de su vuelta a la F-1<\/p><\/div>\n<p><strong>\u00a0 \u00a0\u00a0 P<\/strong>or fin <strong>Alpine<\/strong> confirm\u00f3 la vuelta del piloto argentino <strong>Franco Colapinto<\/strong>, y tendr\u00e1 su chance en el <strong>GP de Imola<\/strong>, en Italia, el 18 de mayo. El circuito es donde el a\u00f1o pasado gan\u00f3 su \u00fanica carrera en la F2, antes de debutar en la F-1 con Williams.<strong>\u00a0<\/strong><\/p>\n<p>El rumor empez\u00f3 a correr despu\u00e9s del GP de Miami y de una nueva decepci\u00f3n del australiano Jack Doohan en Alpine. El compa\u00f1ero de Franco Colapinto otra vez debi\u00f3 abandonar en la primera vuelta tras pinchar un neum\u00e1tico, que se sum\u00f3 a sus anteriores malas actuaciones. Es por eso que el argentino (que esperaba su chance como piloto de Reserva) saltar\u00e1 por fin a las pistas, inform\u00f3 Cielosports.<\/p>\n<p><strong>As\u00ed lo anunci\u00f3 en sus redes, al estilo Batman y su Batise\u00f1al, con el n\u00famero 43 que lo identifica.<\/strong><\/p>\n<p>En principio, e<strong>l argentino tendr\u00e1 cinco carreras por delante para demostrar su talento y confirmar su butaca: conducir\u00e1 en los GP de Imola, M\u00f3naco, Espa\u00f1a, Canad\u00e1 y Austria.\u00a0<\/strong>Y a partir de su rendimiento, se ver\u00e1 si puede seguir en la segunda butaca titular o no, en Silverstone, la carrera que sigue.<\/p>\n<p>El motivo de la decisi\u00f3n<\/p>\n<p>En Miami, Doohan, que parti\u00f3 en la decimocuarta colocaci\u00f3n,\u00a0<strong>fue superado por el neozeland\u00e9s Liam Lawson (Racing Bulls) en la largada y termin\u00f3 choc\u00e1ndolo en la primera curva<\/strong>, a la que entr\u00f3 casi sin espacio para girar.<\/p>\n<p>De esta manera,\u00a0termin\u00f3 el sexto GP del a\u00f1o de la peor manera posible, en medio de los rumores sobre la posibilidad de que Colapinto lo reemplace en Imola, donde se llevar\u00e1 adelante el\u00a0Gran Premio de Emilia-Roma\u00f1a\u00a0el domingo 18 de mayo. Esa fecha ya est\u00e1 marcada en rojo para el regreso del argentino.<\/p>\n<p><strong>La estad\u00eda de Doohan en la F\u00f3rmula 1 ven\u00eda siendo una verdadera pesadilla<\/strong>. El australiano protagoniz\u00f3 ya varios abandonos, recibi\u00f3 penalizaciones por malas maniobras y no termin\u00f3 ni siquiera cerca de sumar puntos. Todo esto mientras Colapinto aguarda, con pr\u00e1cticas en el simulador. Ahora ya es tiempo de dejarlo y agarrar otra vez el volante de verdad. <strong>(VW)<\/strong><\/p>\n","protected":false},"excerpt":{"rendered":"<p>Con una idea muy original, el piloto festej\u00f3 su regreso a la M\u00e1xima categor\u00eda del automovilismo con la \u201cBati-pinto\u201d.<\/p>\n","protected":false},"author":4,"featured_media":18036,"comment_status":"closed","ping_status":"closed","sticky":false,"template":"","format":"standard","meta":{"_monsterinsights_skip_tracking":false,"_monsterinsights_sitenote_active":false,"_monsterinsights_sitenote_note":"","_monsterinsights_sitenote_category":0,"footnotes":""},"categories":[8],"tags":[6622,7667,7666],"class_list":["post-18035","post","type-post","status-publish","format-standard","has-post-thumbnail","hentry","category-interes-general","tag-franco-colapinto","tag-la-bati-pinto","tag-regreso-a-la-f-1"],"_links":{"self":[{"href":"https:\/\/www.visionweb.com.ar\/index.php?rest_route=\/wp\/v2\/posts\/18035","targetHints":{"allow":["GET"]}}],"collection":[{"href":"https:\/\/www.visionweb.com.ar\/index.php?rest_route=\/wp\/v2\/posts"}],"about":[{"href":"https:\/\/www.visionweb.com.ar\/index.php?rest_route=\/wp\/v2\/types\/post"}],"author":[{"embeddable":true,"href":"https:\/\/www.visionweb.com.ar\/index.php?rest_route=\/wp\/v2\/users\/4"}],"replies":[{"embeddable":true,"href":"https:\/\/www.visionweb.com.ar\/index.php?rest_route=%2Fwp%2Fv2%2Fcomments&post=18035"}],"version-history":[{"count":1,"href":"https:\/\/www.visionweb.com.ar\/index.php?rest_route=\/wp\/v2\/posts\/18035\/revisions"}],"predecessor-version":[{"id":18037,"href":"https:\/\/www.visionweb.com.ar\/index.php?rest_route=\/wp\/v2\/posts\/18035\/revisions\/18037"}],"wp:featuredmedia":[{"embeddable":true,"href":"https:\/\/www.visionweb.com.ar\/index.php?rest_route=\/wp\/v2\/media\/18036"}],"wp:attachment":[{"href":"https:\/\/www.visionweb.com.ar\/index.php?rest_route=%2Fwp%2Fv2%2Fmedia&parent=18035"}],"wp:term":[{"taxonomy":"category","embeddable":true,"href":"https:\/\/www.visionweb.com.ar\/index.php?rest_route=%2Fwp%2Fv2%2Fcategories&post=18035"},{"taxonomy":"post_tag","embeddable":true,"href":"https:\/\/www.visionweb.com.ar\/index.php?rest_route=%2Fwp%2Fv2%2Ftags&post=18035"}],"curies":[{"name":"wp","href":"https:\/\/api.w.org\/{rel}","templated":true}]}}