{"id":18024,"date":"2025-05-07T09:40:34","date_gmt":"2025-05-07T12:40:34","guid":{"rendered":"https:\/\/www.visionweb.com.ar\/?p=18024"},"modified":"2025-05-07T09:44:42","modified_gmt":"2025-05-07T12:44:42","slug":"sin-contactos-con-los-gremios-provincia-postergo-la-paritaria-hasta-el-lunes","status":"publish","type":"post","link":"https:\/\/www.visionweb.com.ar\/?p=18024","title":{"rendered":"Sin contactos con los gremios, Provincia posterg\u00f3 la paritaria hasta el lunes"},"content":{"rendered":"<p><em><strong>El gobierno y los gremios se iban a reunir este mi\u00e9rcoles. Pero a \u00faltima hora pospusieron el encuentro ara el lunes. La \u00faltima oferta de incremento salarial fue calificada de \u00abinsuficiente\u00bb.<\/strong><\/em><!--more--><\/p>\n<p><img loading=\"lazy\" decoding=\"async\" class=\"size-medium wp-image-5354 alignright\" src=\"https:\/\/www.visionweb.com.ar\/wp-content\/uploads\/2022\/04\/PARITARIAS-300x198.png\" alt=\"\" width=\"300\" height=\"198\" srcset=\"https:\/\/www.visionweb.com.ar\/wp-content\/uploads\/2022\/04\/PARITARIAS-300x198.png 300w, https:\/\/www.visionweb.com.ar\/wp-content\/uploads\/2022\/04\/PARITARIAS-768x506.png 768w, https:\/\/www.visionweb.com.ar\/wp-content\/uploads\/2022\/04\/PARITARIAS.png 800w\" sizes=\"auto, (max-width: 300px) 100vw, 300px\" \/>Los gremios docentes, estatales y judiciales de la provincia de Buenos Aires iban a reunirse este mi\u00e9rcoles con autoridades del Gobierno bonaerense para intentar acercar posiciones en torno a las negociaciones salariales, luego de rechazar la semana pasada una suba del 7% en dos tramos.<\/p>\n<p>Pero <strong>el encuentro fue postergado, a \u00faltima hora, para el lunes 12 de mayo.<\/strong><\/p>\n<p>Los gremios llegaban a esta tercera reuni\u00f3n (en la primera no hubo oferta) con expectativas de una propuesta superadora a la de la semana pasada, rechazada por \u201cinsuficiente\u201d.<\/p>\n<p>En ese encuentro, P<strong>rovincia ofreci\u00f3 un 4% de incremento para mayo, (a cobrar en junio), y del 3% en julio (a cobrar en agosto), totalizando una suba del 7%\u00a0<\/strong>pero sobre la base del salario de marzo. Adem\u00e1s, el segundo incremento no se computar\u00eda para el aguinaldo, dijeron desde los gremios estatales bonaerenses.<\/p>\n<p><strong>El \u00faltimo acuerdo alcanzado fue en febrero con una suba del 7% en el salario b\u00e1sico que se percibi\u00f3 en marzo y un ajuste del 2% cobrado en abril.<\/strong>\u00a0Sin embargo, despu\u00e9s de esas cifras, se produjo la salida del cepo cambiario y la inflaci\u00f3n sufri\u00f3 una aceleraci\u00f3n, y la \u00faltima medici\u00f3n del INDEC marc\u00f3 un 3,7%, y caso 6% en alimentos. A esto se sumar\u00e1 como m\u00ednimo otro 3% de inflaci\u00f3n de abril, de acuerdo a estimaciones del propio ministro de Econom\u00eda, Luis Caputo.<\/p>\n<p><strong>Desde los gremios que nuclean a los trabajadores estatales coincidieron en que hubo poco o nulo contacto informal con Provincia, algo que suele darse en la previa de cada encuentro<\/strong>. \u201cNosotros seguimos insistiendo con un aumento de dos d\u00edgitos, al menos para junio y julio\u201d, indic\u00f3 una fuente consultada, que agreg\u00f3 que \u201csi van a desdoblar el aumento, el primer porcentaje deber\u00eda ser el mayor\u201d.<\/p>\n<p>Otra fuente consultada, se\u00f1al\u00f3 que esperaba que hoy pudiera haber alg\u00fan tipo de contacto informal, mientras que sobre la oferta que esperan de Provincia \u201c<strong>nos parece que hay que elevar el n\u00famero para mayo, de m\u00ednima, para que ese aumento entre en el aguinaldo<\/strong>\u201c.<\/p>\n<p><strong>\u201cEs necesario una propuesta que supere el aumento de los precios y para ello es necesario un mayor esfuerzo desde el Gobierno provincial<\/strong>\u201d, dijo el secretario General de ATE provincia, Claudio Ar\u00e9valo.<\/p>\n<p>La situaci\u00f3n no difiere entre los docentes, donde desde uno de los gremios admitieron que \u201cno tuvimos ning\u00fan otro contacto, s\u00f3lo la convocatoria\u201d, y \u201cque\u00a0<strong>lo que planteamos es la preocupaci\u00f3n de que se nos va muy lejos el cobro del aumento<\/strong>\u201c, en referencia a lo que fue la oferta oficial. \u201cPensamos que la Provincia va a ofrecer algo superador pero la verdad es que no tenemos m\u00e1s precisi\u00f3n sobre cu\u00e1nto va a ser ni si van a modificar los plazos\u201d, complet\u00f3<strong>(VW)<\/strong>.<\/p>\n","protected":false},"excerpt":{"rendered":"<p>El gobierno y los gremios se iban a reunir este mi\u00e9rcoles. Pero a \u00faltima hora pospusieron el encuentro ara el lunes. La \u00faltima oferta de incremento salarial fue calificada de \u00abinsuficiente\u00bb.<\/p>\n","protected":false},"author":3,"featured_media":5354,"comment_status":"closed","ping_status":"closed","sticky":false,"template":"","format":"standard","meta":{"_monsterinsights_skip_tracking":false,"_monsterinsights_sitenote_active":false,"_monsterinsights_sitenote_note":"","_monsterinsights_sitenote_category":0,"footnotes":""},"categories":[4],"tags":[141,1907,158,619],"class_list":["post-18024","post","type-post","status-publish","format-standard","has-post-thumbnail","hentry","category-politica","tag-aumentos","tag-estatales","tag-paritarias","tag-postergacion"],"_links":{"self":[{"href":"https:\/\/www.visionweb.com.ar\/index.php?rest_route=\/wp\/v2\/posts\/18024","targetHints":{"allow":["GET"]}}],"collection":[{"href":"https:\/\/www.visionweb.com.ar\/index.php?rest_route=\/wp\/v2\/posts"}],"about":[{"href":"https:\/\/www.visionweb.com.ar\/index.php?rest_route=\/wp\/v2\/types\/post"}],"author":[{"embeddable":true,"href":"https:\/\/www.visionweb.com.ar\/index.php?rest_route=\/wp\/v2\/users\/3"}],"replies":[{"embeddable":true,"href":"https:\/\/www.visionweb.com.ar\/index.php?rest_route=%2Fwp%2Fv2%2Fcomments&post=18024"}],"version-history":[{"count":3,"href":"https:\/\/www.visionweb.com.ar\/index.php?rest_route=\/wp\/v2\/posts\/18024\/revisions"}],"predecessor-version":[{"id":18027,"href":"https:\/\/www.visionweb.com.ar\/index.php?rest_route=\/wp\/v2\/posts\/18024\/revisions\/18027"}],"wp:featuredmedia":[{"embeddable":true,"href":"https:\/\/www.visionweb.com.ar\/index.php?rest_route=\/wp\/v2\/media\/5354"}],"wp:attachment":[{"href":"https:\/\/www.visionweb.com.ar\/index.php?rest_route=%2Fwp%2Fv2%2Fmedia&parent=18024"}],"wp:term":[{"taxonomy":"category","embeddable":true,"href":"https:\/\/www.visionweb.com.ar\/index.php?rest_route=%2Fwp%2Fv2%2Fcategories&post=18024"},{"taxonomy":"post_tag","embeddable":true,"href":"https:\/\/www.visionweb.com.ar\/index.php?rest_route=%2Fwp%2Fv2%2Ftags&post=18024"}],"curies":[{"name":"wp","href":"https:\/\/api.w.org\/{rel}","templated":true}]}}