{"id":18021,"date":"2025-05-06T13:11:13","date_gmt":"2025-05-06T16:11:13","guid":{"rendered":"https:\/\/www.visionweb.com.ar\/?p=18021"},"modified":"2025-05-06T13:11:13","modified_gmt":"2025-05-06T16:11:13","slug":"el-gobierno-bonaerense-cuestiono-los-recortes-en-las-pensiones-por-discapacidad","status":"publish","type":"post","link":"https:\/\/www.visionweb.com.ar\/?p=18021","title":{"rendered":"El gobierno bonaerense cuestion\u00f3 los recortes en las pensiones por discapacidad"},"content":{"rendered":"<p><em><strong>Naci\u00f3n recort\u00f3 m\u00e1s de 200 mil pensiones por discapacidad.\u00a0\u00abFue cruel, de manera inequitativa e injusta\u00bb, dijo Calmels. \u201cEs una situaci\u00f3n de ahogo por todos lados\u201d, a\u00f1adi\u00f3.\u00a0<\/strong><\/em><!--more--><\/p>\n<p><img loading=\"lazy\" decoding=\"async\" class=\"size-medium wp-image-14835 alignright\" src=\"https:\/\/www.visionweb.com.ar\/wp-content\/uploads\/2024\/06\/Discapacidad-300x225.png\" alt=\"\" width=\"300\" height=\"225\" srcset=\"https:\/\/www.visionweb.com.ar\/wp-content\/uploads\/2024\/06\/Discapacidad-300x225.png 300w, https:\/\/www.visionweb.com.ar\/wp-content\/uploads\/2024\/06\/Discapacidad-320x240.png 320w, https:\/\/www.visionweb.com.ar\/wp-content\/uploads\/2024\/06\/Discapacidad.png 404w\" sizes=\"auto, (max-width: 300px) 100vw, 300px\" \/>\u00a0\u00a0 <strong>L<\/strong>a subsecretaria de Salud Mental de la provincia de Buenos Aires, Julieta Calmels, cuestion\u00f3 el <strong>recorte que realiz\u00f3 el mes pasado el Gobierno Nacional respecto a las 200 mil pensiones que dej\u00f3 sin efecto dentro del \u00e1rea de discapacidad<\/strong> y sostuvo que lo viven \u00abcon enorme preocupaci\u00f3n\u00bb.<\/p>\n<p>La funcionaria asegur\u00f3 que la actitud del Ejecutivo Nacional fue\u00a0<strong>cruel porque el cese de las pensiones se llev\u00f3 adelante, pr\u00e1cticamente de manera arbitraria<\/strong>, sin un <strong>previo an\u00e1lisis de cada caso <\/strong>en particular.<\/p>\n<p>\u201cSe tom\u00f3 una decisi\u00f3n masiva y de falta de responsabilidad que es la revisi\u00f3n de todas las pensiones.\u00a0<strong>El m\u00e9todo que decidieron tomar es cruel<\/strong>, redujeron las pensiones de manera inequitativa e injusta\u201d, subray\u00f3 Calmels, en declaraciones radiales.<\/p>\n<p>Asimismo, indic\u00f3 que la problem\u00e1tica que se instal\u00f3 luego de esta medida \u201ces realmente desesperante\u201d porque impacta de una forma \u201cmuy seria\u201d en el sistema de salud p\u00fablico:\u00a0<strong>\u201cEs una situaci\u00f3n de ahogo por todos lados\u201d, a\u00f1adi\u00f3.<\/strong><\/p>\n<p>Seg\u00fan declararon desde del Gobierno Nacional, la baja de pensiones se debe a \u201cirregularidades detectadas\u201d por medio de una auditor\u00eda que se realiz\u00f3 a trav\u00e9s de la Agencia Nacional de Discapacidad (ANDIS);\u00a0<strong>los titulares que dejar\u00e1n de obtener este beneficio no se habr\u00edan presentado a la citaci\u00f3n\u00a0<\/strong>que hizo el Ministerio de Salud para auditar la continuidad o no de la asignaci\u00f3n.<\/p>\n<p>\u201cEs humillante y\u00a0<strong>el \u00fanico objetivo es tener un achique econ\u00f3mico en el sector m\u00e1s vulnerable<\/strong>\u00a0y desprotegido\u201d, concluy\u00f3. <strong>(VW)<\/strong><\/p>\n","protected":false},"excerpt":{"rendered":"<p>Naci\u00f3n recort\u00f3 m\u00e1s de 200 mil pensiones por discapacidad.\u00a0\u00abFue cruel, de manera inequitativa e injusta\u00bb, dijo Calmels. \u201cEs una situaci\u00f3n de ahogo por todos lados\u201d, a\u00f1adi\u00f3.\u00a0<\/p>\n","protected":false},"author":4,"featured_media":14835,"comment_status":"closed","ping_status":"closed","sticky":false,"template":"","format":"standard","meta":{"_monsterinsights_skip_tracking":false,"_monsterinsights_sitenote_active":false,"_monsterinsights_sitenote_note":"","_monsterinsights_sitenote_category":0,"footnotes":""},"categories":[4,5],"tags":[7659,7657,7658,2146],"class_list":["post-18021","post","type-post","status-publish","format-standard","has-post-thumbnail","hentry","category-politica","category-sociedad","tag-julieta-calmels","tag-pensiones-por-discapacidad","tag-recortes-de-nacion","tag-salud-mental"],"_links":{"self":[{"href":"https:\/\/www.visionweb.com.ar\/index.php?rest_route=\/wp\/v2\/posts\/18021","targetHints":{"allow":["GET"]}}],"collection":[{"href":"https:\/\/www.visionweb.com.ar\/index.php?rest_route=\/wp\/v2\/posts"}],"about":[{"href":"https:\/\/www.visionweb.com.ar\/index.php?rest_route=\/wp\/v2\/types\/post"}],"author":[{"embeddable":true,"href":"https:\/\/www.visionweb.com.ar\/index.php?rest_route=\/wp\/v2\/users\/4"}],"replies":[{"embeddable":true,"href":"https:\/\/www.visionweb.com.ar\/index.php?rest_route=%2Fwp%2Fv2%2Fcomments&post=18021"}],"version-history":[{"count":1,"href":"https:\/\/www.visionweb.com.ar\/index.php?rest_route=\/wp\/v2\/posts\/18021\/revisions"}],"predecessor-version":[{"id":18022,"href":"https:\/\/www.visionweb.com.ar\/index.php?rest_route=\/wp\/v2\/posts\/18021\/revisions\/18022"}],"wp:featuredmedia":[{"embeddable":true,"href":"https:\/\/www.visionweb.com.ar\/index.php?rest_route=\/wp\/v2\/media\/14835"}],"wp:attachment":[{"href":"https:\/\/www.visionweb.com.ar\/index.php?rest_route=%2Fwp%2Fv2%2Fmedia&parent=18021"}],"wp:term":[{"taxonomy":"category","embeddable":true,"href":"https:\/\/www.visionweb.com.ar\/index.php?rest_route=%2Fwp%2Fv2%2Fcategories&post=18021"},{"taxonomy":"post_tag","embeddable":true,"href":"https:\/\/www.visionweb.com.ar\/index.php?rest_route=%2Fwp%2Fv2%2Ftags&post=18021"}],"curies":[{"name":"wp","href":"https:\/\/api.w.org\/{rel}","templated":true}]}}