{"id":18017,"date":"2025-05-06T12:39:16","date_gmt":"2025-05-06T15:39:16","guid":{"rendered":"https:\/\/www.visionweb.com.ar\/?p=18017"},"modified":"2025-05-06T12:39:16","modified_gmt":"2025-05-06T15:39:16","slug":"no-a-la-violencia-en-el-hospital-medicos-bonaerenses-exigen-medidas-de-seguridad","status":"publish","type":"post","link":"https:\/\/www.visionweb.com.ar\/?p=18017","title":{"rendered":"\u201cNo a la violencia en el hospital\u201d: M\u00e9dicos bonaerenses exigen medidas de seguridad"},"content":{"rendered":"<p><em><strong>Luego de la balacera ocurrida en el\u00a0Hospital Caporaletti de Jos\u00e9 C. Paz, m\u00e9dicos bonaerenses exigen a la administraci\u00f3n provincial de Axel Kicillof medidas de seguridad. \u201cLos episodios de violencia intrahospitalaria son una constante que se repite en todo el territorio provincial, aumentando d\u00eda a d\u00eda\u201d.\u00a0<\/strong><\/em><!--more--><\/p>\n<p><strong> <img loading=\"lazy\" decoding=\"async\" class=\"size-medium wp-image-18018 alignright\" src=\"https:\/\/www.visionweb.com.ar\/wp-content\/uploads\/2025\/05\/hospital-jose-c-paz-300x185.png\" alt=\"\" width=\"300\" height=\"185\" srcset=\"https:\/\/www.visionweb.com.ar\/wp-content\/uploads\/2025\/05\/hospital-jose-c-paz-300x185.png 300w, https:\/\/www.visionweb.com.ar\/wp-content\/uploads\/2025\/05\/hospital-jose-c-paz.png 594w\" sizes=\"auto, (max-width: 300px) 100vw, 300px\" \/> \u00a0 \u00a0E<\/strong>l\u00a0<strong>Colegio de M\u00e9dicos\u00a0<\/strong>de la<strong>\u00a0provincia de Buenos Aires\u00a0<\/strong>exigi\u00f3 a la administraci\u00f3n provincial de <strong>Axel Kicillof medidas de seguridad\u00a0<\/strong>ante la escalada de\u00a0<strong>violencia intrahospitalaria<\/strong>, luego de la balacera desatada en el\u00a0<strong>Hospital Rub\u00e9n Caporaletti de Jos\u00e9 C. Paz.<\/strong><\/p>\n<p>As\u00ed, el colegio que nuclea a los <strong>m\u00e9dicos bonaerenses\u00a0<\/strong>emiti\u00f3 un <strong>comunicado para manifestar su repudio a la\u00a0violencia intrahospitalaria<\/strong>.<\/p>\n<p>El hecho ocurri\u00f3 el pasado domingo a la madrugada, en la puerta y en la <strong>sala principal<\/strong> del\u00a0<strong>Hospital Rub\u00e9n Caporaletti en Jos\u00e9 C. Paz<\/strong>, cuando una r\u00e1faga de tiros impact\u00f3 contra el frente del centro de salud, lo que provoc\u00f3 el estallido de cristales.<\/p>\n<p>Tras el incidente, el\u00a0<strong>Colegio de M\u00e9dicos de la provincia de Buenos Aires<\/strong>\u00a0emiti\u00f3 un comunicado contra \u201c<strong>tales acciones criminales, que ponen en riesgo la vida tanto de pacientes como del Equipo de Salud<\/strong>\u201d.<\/p>\n<p>Adem\u00e1s, el documento\u00a0expresa que \u201cl<strong>os episodios de violencia intrahospitalaria son una constante que se repite en todo el territorio provincial, aumentando d\u00eda a d\u00eda<\/strong>\u201d.<\/p>\n<div id=\"attachment_18019\" style=\"width: 310px\" class=\"wp-caption alignleft\"><img loading=\"lazy\" decoding=\"async\" aria-describedby=\"caption-attachment-18019\" class=\"wp-image-18019 size-medium\" src=\"https:\/\/www.visionweb.com.ar\/wp-content\/uploads\/2025\/05\/hospital-jose-cpaz-balacera-300x169.png\" alt=\"\" width=\"300\" height=\"169\" srcset=\"https:\/\/www.visionweb.com.ar\/wp-content\/uploads\/2025\/05\/hospital-jose-cpaz-balacera-300x169.png 300w, https:\/\/www.visionweb.com.ar\/wp-content\/uploads\/2025\/05\/hospital-jose-cpaz-balacera.png 576w\" sizes=\"auto, (max-width: 300px) 100vw, 300px\" \/><p id=\"caption-attachment-18019\" class=\"wp-caption-text\">Imagen captura de video<\/p><\/div>\n<p>De esta manera, bajo la consigna <strong>\u201cNo a la violencia en el hospital\u201d<\/strong>, los\u00a0<strong>m\u00e9dicos bonaerenses\u00a0<\/strong>realizaron un urgente llamado \u201ca las autoridades y a la ciudadan\u00eda, a fin de preservar las condiciones de seguridad que deben cumplirse para una correcta atenci\u00f3n de salud\u201d.<\/p>\n<p>Vale recordar que, meses atr\u00e1s, autoridades del\u00a0<strong>Colegio de M\u00e9dicos<\/strong>\u00a0y del\u00a0<strong>Ministerio de Seguridad<\/strong>\u00a0de la\u00a0<strong>provincia de Buenos Aires\u00a0<\/strong>mantuvieron una reuni\u00f3n con el objeto de trabajar de manera mancomunada en la resoluci\u00f3n de la problem\u00e1tica, en la cual se plantearon las distintas aristas de la misma, y se plantearon posibles v\u00edas de soluci\u00f3n.<\/p>\n<p><strong>M\u00e9dicos bonaerenses le reclaman a Alonso por los casos de inseguridad<\/strong><\/p>\n<p>En esa l\u00ednea, el <strong>Consejo Superior de M\u00e9dicos Bonaerenses<\/strong> elev\u00f3 una nota al ministro de Seguridad provincial,\u00a0<strong>Javier Alonso<\/strong>, por los casos de violencia registrados contra empleados del \u00e1rea sanitaria, tanto en el traslado hacia los lugares de trabajo como tambi\u00e9n en el ejercicio de su actividad.<\/p>\n<p>Desde la entidad que nuclea a los<strong> M\u00e9dicos Bonaerenses<\/strong>, presidida por el doctor\u00a0<strong>Rub\u00e9n Tucci,<\/strong>\u00a0manifestaron su preocupaci\u00f3n ante la \u201cangustia que afronta el colectivo de profesionales al momento de trasladarse a sus lugares de trabajo, a ra\u00edz de <strong>padecer agresiones demenciales en ocasi\u00f3n de robos<\/strong>\u201d.<\/p>\n<p>En ese sentido, desde el\u00a0<strong>Colegio de M\u00e9dicos<\/strong>\u00a0de la\u00a0<strong>provincia de Buenos Aires<\/strong>\u00a0precisaron que los hechos de inseguridad a los profesionales culminaron en ocasiones \u201ccon lesiones grav\u00edsimas o incluso seguidas de muerte\u201d.<\/p>\n<p>\u201cNo desconocemos que la violencia es un problema de larga data y de compleja erradicaci\u00f3n, pero como colectivo profesional es nuestra obligaci\u00f3n con nuestros representados, plantear la <strong>agobiante preocupaci\u00f3n<\/strong> por los hechos descritos\u201d, precisaron desde el\u00a0<strong>Consejo Superior del Colegio de M\u00e9dicos<\/strong>\u00a0en la misiva dirigida a\u00a0<strong>Alonso<\/strong>.<\/p>\n<p>Cabe destacar que, el hecho que motiv\u00f3 la inquietud de los\u00a0<strong>m\u00e9dicos bonaerenses<\/strong>\u00a0estuvo dado por el violento asalto ocurrido d\u00edas atr\u00e1s en la localidad de\u00a0<strong>Castelar<\/strong>, donde un profesional fue gravemente herido por el ataque de delincuentes, quienes le dispararon en el abdomen y en una pierna para apropiarse de su moto.<\/p>\n<p>Asimismo, el reclamo del\u00a0<strong>Colegio de M\u00e9dicos a Javier Alonso<\/strong>\u00a0hizo referencia a la problem\u00e1tica de la violencia intrahospitalaria, al detallar que en el \u00e1mbito laboral\u201d, con especial atenci\u00f3n en hospitales p\u00fablicos, los m\u00e9dicos son v\u00edctimas de agresiones verbales y f\u00edsicas, alter\u00e1ndose el necesario v\u00ednculo m\u00e9dico-paciente, por el temor y la tensi\u00f3n permanente en la atenci\u00f3n m\u00e9dica\u201d.<\/p>\n<p>Finalmente, los\u00a0<strong>m\u00e9dicos bonaerenses<\/strong>\u00a0le solicitaron al funcionario provincial \u201cuna estrategia renovada para paliar este flagelo que est\u00e1 costando vidas humanas\u201d. \u201cTodos los actores institucionales debemos trabajar en comuni\u00f3n, para <strong>provocar los cambios culturales que promuevan el respeto irrestricto por la vida<\/strong>\u201d, concluyeron. <strong>(VW)<\/strong><\/p>\n<p>&nbsp;<\/p>\n","protected":false},"excerpt":{"rendered":"<p>Luego de la balacera ocurrida en el\u00a0Hospital Caporaletti de Jos\u00e9 C. Paz, m\u00e9dicos bonaerenses exigen a la administraci\u00f3n provincial de Axel Kicillof medidas de seguridad. \u201cLos episodios de violencia intrahospitalaria son una constante que&#46;&#46;&#46;<\/p>\n","protected":false},"author":4,"featured_media":18018,"comment_status":"closed","ping_status":"closed","sticky":false,"template":"","format":"standard","meta":{"_monsterinsights_skip_tracking":false,"_monsterinsights_sitenote_active":false,"_monsterinsights_sitenote_note":"","_monsterinsights_sitenote_category":0,"footnotes":""},"categories":[4,5],"tags":[5824,7654,7656,7655],"class_list":["post-18017","post","type-post","status-publish","format-standard","has-post-thumbnail","hentry","category-politica","category-sociedad","tag-alonso","tag-colegio-de-medicos-bonaerenses","tag-inseguridad-en-hospitales-provinciales","tag-piden-medidas-de-seguridad"],"_links":{"self":[{"href":"https:\/\/www.visionweb.com.ar\/index.php?rest_route=\/wp\/v2\/posts\/18017","targetHints":{"allow":["GET"]}}],"collection":[{"href":"https:\/\/www.visionweb.com.ar\/index.php?rest_route=\/wp\/v2\/posts"}],"about":[{"href":"https:\/\/www.visionweb.com.ar\/index.php?rest_route=\/wp\/v2\/types\/post"}],"author":[{"embeddable":true,"href":"https:\/\/www.visionweb.com.ar\/index.php?rest_route=\/wp\/v2\/users\/4"}],"replies":[{"embeddable":true,"href":"https:\/\/www.visionweb.com.ar\/index.php?rest_route=%2Fwp%2Fv2%2Fcomments&post=18017"}],"version-history":[{"count":1,"href":"https:\/\/www.visionweb.com.ar\/index.php?rest_route=\/wp\/v2\/posts\/18017\/revisions"}],"predecessor-version":[{"id":18020,"href":"https:\/\/www.visionweb.com.ar\/index.php?rest_route=\/wp\/v2\/posts\/18017\/revisions\/18020"}],"wp:featuredmedia":[{"embeddable":true,"href":"https:\/\/www.visionweb.com.ar\/index.php?rest_route=\/wp\/v2\/media\/18018"}],"wp:attachment":[{"href":"https:\/\/www.visionweb.com.ar\/index.php?rest_route=%2Fwp%2Fv2%2Fmedia&parent=18017"}],"wp:term":[{"taxonomy":"category","embeddable":true,"href":"https:\/\/www.visionweb.com.ar\/index.php?rest_route=%2Fwp%2Fv2%2Fcategories&post=18017"},{"taxonomy":"post_tag","embeddable":true,"href":"https:\/\/www.visionweb.com.ar\/index.php?rest_route=%2Fwp%2Fv2%2Ftags&post=18017"}],"curies":[{"name":"wp","href":"https:\/\/api.w.org\/{rel}","templated":true}]}}