{"id":18012,"date":"2025-05-05T16:21:13","date_gmt":"2025-05-05T19:21:13","guid":{"rendered":"https:\/\/www.visionweb.com.ar\/?p=18012"},"modified":"2025-05-05T16:28:02","modified_gmt":"2025-05-05T19:28:02","slug":"se-firmo-la-escritura-del-campus-de-la-universidad-nacional-de-lomas-de-zamora","status":"publish","type":"post","link":"https:\/\/www.visionweb.com.ar\/?p=18012","title":{"rendered":"Se firm\u00f3 la escritura del campus de la Universidad Nacional de Lomas de Zamora"},"content":{"rendered":"<p><em><strong>En el edificio hist\u00f3rico del predio funcionaba hacia la d\u00e9cada de 1960 el Instituto Fitot\u00e9cnico dependiente de la Facultad de Ciencias Agrarias y Forestales de la Universidad Nacional de La Plata.<\/strong><\/em><!--more--><\/p>\n<p><img loading=\"lazy\" decoding=\"async\" class=\"size-medium wp-image-18013 alignright\" src=\"https:\/\/www.visionweb.com.ar\/wp-content\/uploads\/2025\/05\/ESCRITURAS-UNLZ-300x169.png\" alt=\"\" width=\"300\" height=\"169\" srcset=\"https:\/\/www.visionweb.com.ar\/wp-content\/uploads\/2025\/05\/ESCRITURAS-UNLZ-300x169.png 300w, https:\/\/www.visionweb.com.ar\/wp-content\/uploads\/2025\/05\/ESCRITURAS-UNLZ.png 640w\" sizes=\"auto, (max-width: 300px) 100vw, 300px\" \/>El Rector de la Universidad Nacional de Lomas de Zamora, Diego Molea, y el Vicepresidente Acad\u00e9mico de la Universidad Nacional de La Plata, Fernando Tauber, r<strong>ubricaron el acuerdo a partir del cual se realiz\u00f3 la escrituraci\u00f3n de las tierras del Cruce de Lomas.<\/strong><\/p>\n<p>En el acto de firma participaron\u00a0<strong>Daniela Vilar, ministra de Ambiente de la Provincia; Juan Mart\u00edn Mena, ministro de Justicia y Derechos Humanos; Federico Oterm\u00edn, intendente de Lomas,<\/strong>\u00a0junto a Molea y Tauber.<\/p>\n<p>Durante la firma, Molea destac\u00f3 que \u201cla formalizaci\u00f3n de la firma\u00a0<strong>simboliza el trabajo y el esfuerzo de las partes involucradas, en gestiones que fueron llevadas adelante con generosidad<\/strong>\u00a0y con la certeza del objetivo com\u00fan\u201d.<\/p>\n<p>El rector lomense agradeci\u00f3 a los ministros y autoridades provinciales, y asegur\u00f3 que despu\u00e9s de m\u00e1s de 50 a\u00f1os de historia, \u201cla universidad continuar\u00e1 con su\u00a0<strong>firme compromiso de formar profesionales que escuchen y ayuden al otro<\/strong>, dispuestos a mejorar la vida de la gente\u201d.<\/p>\n<p>Por su parte, Vilar sostuvo: \u201cdesde el d\u00eda que asumimos en el ministerio sentimos la obligaci\u00f3n de\u00a0<strong>resolver la cuesti\u00f3n de Santa Catalina\u00a0<\/strong>porque sabemos que esta universidad es condici\u00f3n de posibilidad para miles de pibes y pibas\u201d.<\/p>\n<p>\u201cNos sentimos todos los lomenses parte de esta universidad\u201d, continu\u00f3 y agreg\u00f3: \u201cnos da orgullo verla crecer, saber que\u00a0<strong>es parte ahora junto con la Universidad Nacional de la Plata, de la cogesti\u00f3n de la reserva\u00a0<\/strong>Santa Catalina\u201d.<\/p>\n<p>En ese sentido, el intendente lomense celebr\u00f3 que \u201cel municipio y la universidad juntas, tienen una potencia formidable para poder cambiar la historia. Y hoy decimos que\u00a0<strong>estas tierras son de la Universidad Nacional de Lomas de Zamora.\u00a0<\/strong>Hoy venimos a defender a la Universidad Nacional de Lomas de Zamora y a planificar el futuro de Lomas en conjunto con la Universidad\u201d.<\/p>\n<p>Durante su discurso, Tauber remarc\u00f3 el crecimiento de la UNLZ\u00a0<strong>\u201cal servicio de la gente y en un lugar donde la gente lo necesita, todo eso es una pol\u00edtica que compartimos\u201d.\u00a0<\/strong>A prop\u00f3sito del acuerdo firmado, lo calific\u00f3 como \u201cun gesto para afianzar soberan\u00eda, algo que los argentinos necesitamos en todos los planos\u201d.<\/p>\n<p>\u201cDesde el Ministerio de Justicia y Derechos Humanos de la provincia, a trav\u00e9s del trabajo de la escriban\u00eda general del gobierno de la provincia de Buenos Aires, lo que hicimos fue\u00a0<strong>acompa\u00f1ar una enorme tarea pol\u00edtica\u00a0<\/strong>que llevaron adelante Daniela, Federico, Diego y Fernando\u201d, indic\u00f3 Mena.<\/p>\n<p>La relaci\u00f3n entre la UNLZ y Santa Catalina es extensa y se remonta a su nacimiento. En el edificio hist\u00f3rico del predio funcionaba hacia la d\u00e9cada de 1960 el Instituto Fitot\u00e9cnico dependiente de la Facultad de Ciencias Agrarias y Forestales de la Universidad Nacional de La Plata, y fue\u00a0<strong>refugio de la naciente Universidad Nacional de Lomas de Zamora.\u00a0<\/strong>M\u00e1s adelante, a trav\u00e9s de un decreto se ceden los terrenos de Juan XXIII y Ruta 4, donde a trav\u00e9s de los a\u00f1os se desarrollaron las cinco facultades que hoy componen la UNLZ.<\/p>\n<p>El acuerdo entre las instituciones educativas se da en el marco de la firma de convenio que se realiz\u00f3 en febrero entre la Provincia, el Municipio y las casas de estudio para la<strong> gesti\u00f3n y administraci\u00f3n de la Reserva Provincial Santa Catalina.(vw)<\/strong><\/p>\n","protected":false},"excerpt":{"rendered":"<p>En el edificio hist\u00f3rico del predio funcionaba hacia la d\u00e9cada de 1960 el Instituto Fitot\u00e9cnico dependiente de la Facultad de Ciencias Agrarias y Forestales de la Universidad Nacional de La Plata.<\/p>\n","protected":false},"author":3,"featured_media":18013,"comment_status":"closed","ping_status":"closed","sticky":false,"template":"","format":"standard","meta":{"_monsterinsights_skip_tracking":false,"_monsterinsights_sitenote_active":false,"_monsterinsights_sitenote_note":"","_monsterinsights_sitenote_category":0,"footnotes":""},"categories":[7],"tags":[7650,4432,2075,2321],"class_list":["post-18012","post","type-post","status-publish","format-standard","has-post-thumbnail","hentry","category-educacion-y-cultura","tag-escritura","tag-santa-catalina","tag-tierras","tag-unlz"],"_links":{"self":[{"href":"https:\/\/www.visionweb.com.ar\/index.php?rest_route=\/wp\/v2\/posts\/18012","targetHints":{"allow":["GET"]}}],"collection":[{"href":"https:\/\/www.visionweb.com.ar\/index.php?rest_route=\/wp\/v2\/posts"}],"about":[{"href":"https:\/\/www.visionweb.com.ar\/index.php?rest_route=\/wp\/v2\/types\/post"}],"author":[{"embeddable":true,"href":"https:\/\/www.visionweb.com.ar\/index.php?rest_route=\/wp\/v2\/users\/3"}],"replies":[{"embeddable":true,"href":"https:\/\/www.visionweb.com.ar\/index.php?rest_route=%2Fwp%2Fv2%2Fcomments&post=18012"}],"version-history":[{"count":1,"href":"https:\/\/www.visionweb.com.ar\/index.php?rest_route=\/wp\/v2\/posts\/18012\/revisions"}],"predecessor-version":[{"id":18014,"href":"https:\/\/www.visionweb.com.ar\/index.php?rest_route=\/wp\/v2\/posts\/18012\/revisions\/18014"}],"wp:featuredmedia":[{"embeddable":true,"href":"https:\/\/www.visionweb.com.ar\/index.php?rest_route=\/wp\/v2\/media\/18013"}],"wp:attachment":[{"href":"https:\/\/www.visionweb.com.ar\/index.php?rest_route=%2Fwp%2Fv2%2Fmedia&parent=18012"}],"wp:term":[{"taxonomy":"category","embeddable":true,"href":"https:\/\/www.visionweb.com.ar\/index.php?rest_route=%2Fwp%2Fv2%2Fcategories&post=18012"},{"taxonomy":"post_tag","embeddable":true,"href":"https:\/\/www.visionweb.com.ar\/index.php?rest_route=%2Fwp%2Fv2%2Ftags&post=18012"}],"curies":[{"name":"wp","href":"https:\/\/api.w.org\/{rel}","templated":true}]}}