{"id":18007,"date":"2025-05-05T16:04:24","date_gmt":"2025-05-05T19:04:24","guid":{"rendered":"https:\/\/www.visionweb.com.ar\/?p=18007"},"modified":"2025-05-05T16:05:50","modified_gmt":"2025-05-05T19:05:50","slug":"el-ministerio-de-economia-y-banco-provincia-convocan-al-premio-anual-de-investigacion-aldo-ferrer","status":"publish","type":"post","link":"https:\/\/www.visionweb.com.ar\/?p=18007","title":{"rendered":"El Ministerio de Econom\u00eda y Banco Provincia convocan al Premio Anual de Investigaci\u00f3n Aldo Ferrer"},"content":{"rendered":"<p><em><strong>Destinado a estudiantes y profesionales de ciencias econ\u00f3micas y afines, repartir\u00e1 $1.770.000 entre los trabajos seleccionados.\u00a0La fecha l\u00edmite para la recepci\u00f3n de los trabajos es el 30 de agosto de 2024.<\/strong><\/em><!--more--><\/p>\n<p><strong><img loading=\"lazy\" decoding=\"async\" class=\"size-medium wp-image-18008 alignright\" src=\"https:\/\/www.visionweb.com.ar\/wp-content\/uploads\/2025\/05\/PREMIO-ALDO-FERRER-300x167.png\" alt=\"\" width=\"300\" height=\"167\" srcset=\"https:\/\/www.visionweb.com.ar\/wp-content\/uploads\/2025\/05\/PREMIO-ALDO-FERRER-300x167.png 300w, https:\/\/www.visionweb.com.ar\/wp-content\/uploads\/2025\/05\/PREMIO-ALDO-FERRER.png 640w\" sizes=\"auto, (max-width: 300px) 100vw, 300px\" \/>El Ministerio de Econom\u00eda y el Banco Provincia convocan a la tercera edici\u00f3n del Premio Anual de Investigaci\u00f3n sobre el Desarrollo Econ\u00f3mico de la Provincia de Buenos Aires Aldo Ferrer.<\/strong><\/p>\n<p><strong>El concurso <\/strong>tiene como objetivo\u00a0 promover trabajos de investigaci\u00f3n que contribuyan a pensar el presente y futuro de la Provincia y el Pa\u00eds. <strong>Destinado a estudiantes y profesionales de ciencias econ\u00f3micas y afines, el Premio repartir\u00e1 $1.770.000 entre los trabajos seleccionados.\u00a0<\/strong><\/p>\n<p>El premio tiene dos categor\u00edas: i) Estudiantes Universitarios y\/o J\u00f3venes Profesionales; y ii) Profesionales y\/o Estudiantes de Posgrado, Maestr\u00eda y Doctorado. Las tem\u00e1ticas deber\u00e1n circunscribirse en alguno de estos dos ejes: Desarrollo econ\u00f3mico provincial y nacional y Federalismo fiscal.<\/p>\n<p><strong>La fecha l\u00edmite para la recepci\u00f3n de los trabajos es el 30 de agosto de 2024<\/strong>. Los trabajos pre-seleccionados ser\u00e1n anunciados en octubre de 2024. En esa oportunidad se establecer\u00e1 y publicar\u00e1 la fecha de la premiaci\u00f3n.<\/p>\n<p>Los premios consistir\u00e1n en la publicaci\u00f3n de los trabajos ganadores en la p\u00e1gina web del Centro de Informaci\u00f3n y Estudios Econ\u00f3micos del Ministerio de Econom\u00eda:\u00a0<a href=\"https:\/\/estudioseconomicos.ec.gba.gov.ar\/\">https:\/\/estudioseconomicos.ec.gba.gov.ar\/<\/a>. Tambi\u00e9n tendr\u00e1n, por eje y categor\u00eda, seis reconocimientos monetarios:<\/p>\n<p><strong>Desarrollo econ\u00f3mico provincial y nacional<\/strong><\/p>\n<p>-Profesionales\/Estudiantes de Posgrado, Maestr\u00eda y Doctorado:\u00a0<strong>$500.000.-<\/strong><\/p>\n<p>-Estudiantes Universitarios y J\u00f3venes Profesionales:\u00a0<strong>$300.000.-<\/strong><\/p>\n<p><strong>Federalismo fiscal<\/strong><\/p>\n<p>-Profesionales\/Estudiantes de Posgrado, Maestr\u00eda y Doctorado:<strong>\u00a0$ 500.000.-<\/strong><\/p>\n<p>-Estudiantes Universitarios y J\u00f3venes Profesionales:<strong>\u00a0$300.000.-<\/strong><\/p>\n<p><strong>Menci\u00f3n destacada sin distinci\u00f3n de eje:<\/strong><\/p>\n<p>-Profesionales \/ Estudiantes de Posgrado, Maestr\u00eda y Doctorado:<strong>\u00a0$100.000.-<\/strong><\/p>\n<p>-Estudiantes Universitarios \/ J\u00f3venes Profesionales:\u00a0<strong>$70.000.-<\/strong><\/p>\n<p><strong>Aldo Ferrer<\/strong><\/p>\n<p>Aldo Ferrer fue contador p\u00fablico, economista y pol\u00edtico recibido en la Universidad de Buenos Aires (UBA). Durante su trayectoria realiz\u00f3 aportes te\u00f3ricos a los debates acad\u00e9micos sobre el desarrollo y ocup\u00f3 cargos de importancia a nivel local e internacional: fue ministro de Econom\u00eda de la provincia de Buenos Aires y de la Naci\u00f3n, presidente del Banco Provincia de Buenos Aires y de la Comisi\u00f3n Nacional de Energ\u00eda At\u00f3mica, y embajador de Argentina en Francia.<\/p>\n<p>Para m\u00e1s informaci\u00f3n se puede acceder a<strong><a href=\"https:\/\/gba.gob.ar\/premio-aldo-ferrer\">https:\/\/gba.gob.ar\/premio-aldo-ferrer.<\/a><\/strong><\/p>\n<p><strong>(VW)<\/strong><\/p>\n","protected":false},"excerpt":{"rendered":"<p>Destinado a estudiantes y profesionales de ciencias econ\u00f3micas y afines, repartir\u00e1 $1.770.000 entre los trabajos seleccionados.\u00a0La fecha l\u00edmite para la recepci\u00f3n de los trabajos es el 30 de agosto de 2024.<\/p>\n","protected":false},"author":3,"featured_media":18008,"comment_status":"closed","ping_status":"closed","sticky":false,"template":"","format":"standard","meta":{"_monsterinsights_skip_tracking":false,"_monsterinsights_sitenote_active":false,"_monsterinsights_sitenote_note":"","_monsterinsights_sitenote_category":0,"footnotes":""},"categories":[6,7],"tags":[2482,2771,646],"class_list":["post-18007","post","type-post","status-publish","format-standard","has-post-thumbnail","hentry","category-economia","category-educacion-y-cultura","tag-banco-provincia","tag-concurso","tag-economia"],"_links":{"self":[{"href":"https:\/\/www.visionweb.com.ar\/index.php?rest_route=\/wp\/v2\/posts\/18007","targetHints":{"allow":["GET"]}}],"collection":[{"href":"https:\/\/www.visionweb.com.ar\/index.php?rest_route=\/wp\/v2\/posts"}],"about":[{"href":"https:\/\/www.visionweb.com.ar\/index.php?rest_route=\/wp\/v2\/types\/post"}],"author":[{"embeddable":true,"href":"https:\/\/www.visionweb.com.ar\/index.php?rest_route=\/wp\/v2\/users\/3"}],"replies":[{"embeddable":true,"href":"https:\/\/www.visionweb.com.ar\/index.php?rest_route=%2Fwp%2Fv2%2Fcomments&post=18007"}],"version-history":[{"count":3,"href":"https:\/\/www.visionweb.com.ar\/index.php?rest_route=\/wp\/v2\/posts\/18007\/revisions"}],"predecessor-version":[{"id":18011,"href":"https:\/\/www.visionweb.com.ar\/index.php?rest_route=\/wp\/v2\/posts\/18007\/revisions\/18011"}],"wp:featuredmedia":[{"embeddable":true,"href":"https:\/\/www.visionweb.com.ar\/index.php?rest_route=\/wp\/v2\/media\/18008"}],"wp:attachment":[{"href":"https:\/\/www.visionweb.com.ar\/index.php?rest_route=%2Fwp%2Fv2%2Fmedia&parent=18007"}],"wp:term":[{"taxonomy":"category","embeddable":true,"href":"https:\/\/www.visionweb.com.ar\/index.php?rest_route=%2Fwp%2Fv2%2Fcategories&post=18007"},{"taxonomy":"post_tag","embeddable":true,"href":"https:\/\/www.visionweb.com.ar\/index.php?rest_route=%2Fwp%2Fv2%2Ftags&post=18007"}],"curies":[{"name":"wp","href":"https:\/\/api.w.org\/{rel}","templated":true}]}}