{"id":18004,"date":"2025-05-05T15:53:55","date_gmt":"2025-05-05T18:53:55","guid":{"rendered":"https:\/\/www.visionweb.com.ar\/?p=18004"},"modified":"2025-05-05T15:54:30","modified_gmt":"2025-05-05T18:54:30","slug":"la-provincia-prepara-un-programa-para-fomentar-la-participacion-en-las-proximas-elecciones","status":"publish","type":"post","link":"https:\/\/www.visionweb.com.ar\/?p=18004","title":{"rendered":"La Provincia prepara un programa para fomentar la participaci\u00f3n en las pr\u00f3ximas elecciones"},"content":{"rendered":"<p><em><strong>El gobierno bonaerense est\u00e1 preocupado por una posible baja en la participaci\u00f3n de las pr\u00f3ximas elecciones legislativas y quiere contrarrestarla.<\/strong><\/em><!--more--><\/p>\n<p><img loading=\"lazy\" decoding=\"async\" class=\"size-medium wp-image-18005 alignright\" src=\"https:\/\/www.visionweb.com.ar\/wp-content\/uploads\/2025\/05\/BIANCO-ELECCIONES-300x214.png\" alt=\"\" width=\"300\" height=\"214\" srcset=\"https:\/\/www.visionweb.com.ar\/wp-content\/uploads\/2025\/05\/BIANCO-ELECCIONES-300x214.png 300w, https:\/\/www.visionweb.com.ar\/wp-content\/uploads\/2025\/05\/BIANCO-ELECCIONES.png 640w\" sizes=\"auto, (max-width: 300px) 100vw, 300px\" \/>En medio de idas y vueltas, el gobierno de la provincia de Buenos Aires debe organizar, por primera vez en la historia, unas elecciones legislativas desdobladas.<\/p>\n<p>Ser\u00e1n, sin primarias,\u00a0 el 7 de septiembre y para eso ya est\u00e1 trabajando con la Junta Electoral, el Juzgado Federal, el Correo Argentino y hasta con el Gobierno Nacional. El tiempo corre.<\/p>\n<p>En su habitual conferencia de prensa, el ministro de Gobierno bonaerense, Carlos Bianco, dio detalles de los avances en la organizaci\u00f3n del acto eleccionario. Tras enumerarlos, sostuvo que todo est\u00e1 marchando \u201cen tiempo y forma\u201d. \u201cNo hay ning\u00fan riesgo de que se ponga en peligro la realizaci\u00f3n de la elecci\u00f3n m\u00e1s all\u00e1 de las demoras que hemos tenido por las distintas modificaciones de plazos y sistemas\u201c, complet\u00f3.<\/p>\n<p>A pesar de esto, el funcionario reconoci\u00f3 que les \u201cs\u00faper preocupa\u201d la falta de motivaci\u00f3n del electorado. Si bien todav\u00eda no se sabe a ciencia cierta qu\u00e9 porcentaje del padr\u00f3n bonaerense va a ir a votar en septiembre, en la provincia de Santa Fe eligieron representantes para una asamblea constituyente con una participaci\u00f3n del 55% lo que marca un m\u00ednimo hist\u00f3rico. \u201cEs un caso distinto, pero me parece que hay un indicio de que parte de la poblaci\u00f3n no se siente demasiado atraida\u201d, consign\u00f3 Bianco.<\/p>\n<p>Seg\u00fan Bianco, esta desmotivaci\u00f3n generalizada tiene que ver con \u201clas consencuencias que est\u00e1 teniendo \u00faltimamente el gobierno de Milei y tambi\u00e9n los fracasos que han tenido los gobiernos anteriores\u201d. \u201cTenemos el desaf\u00edo de volver a enamorar\u201d, reconoci\u00f3.<\/p>\n<p>Frente a esta problem\u00e1tica, el ministro de Kicillof anticip\u00f3 que el gobierno va a desplegar un \u201cprograma de propaganda\u201d con la intenci\u00f3n de fomentar la participaci\u00f3n en las pr\u00f3ximas elecciones. \u201cEs bueno ir a votar, como todos sabemos. es la fortaleza principal de la democracia\u201c, sentenci\u00f3<strong>(VW)<\/strong>.<\/p>\n","protected":false},"excerpt":{"rendered":"<p>El gobierno bonaerense est\u00e1 preocupado por una posible baja en la participaci\u00f3n de las pr\u00f3ximas elecciones legislativas y quiere contrarrestarla.<\/p>\n","protected":false},"author":3,"featured_media":18005,"comment_status":"closed","ping_status":"closed","sticky":false,"template":"","format":"standard","meta":{"_monsterinsights_skip_tracking":false,"_monsterinsights_sitenote_active":false,"_monsterinsights_sitenote_note":"","_monsterinsights_sitenote_category":0,"footnotes":""},"categories":[4],"tags":[540,340,7649,7648],"class_list":["post-18004","post","type-post","status-publish","format-standard","has-post-thumbnail","hentry","category-politica","tag-bianco","tag-elecciones","tag-prensa","tag-preparativos"],"_links":{"self":[{"href":"https:\/\/www.visionweb.com.ar\/index.php?rest_route=\/wp\/v2\/posts\/18004","targetHints":{"allow":["GET"]}}],"collection":[{"href":"https:\/\/www.visionweb.com.ar\/index.php?rest_route=\/wp\/v2\/posts"}],"about":[{"href":"https:\/\/www.visionweb.com.ar\/index.php?rest_route=\/wp\/v2\/types\/post"}],"author":[{"embeddable":true,"href":"https:\/\/www.visionweb.com.ar\/index.php?rest_route=\/wp\/v2\/users\/3"}],"replies":[{"embeddable":true,"href":"https:\/\/www.visionweb.com.ar\/index.php?rest_route=%2Fwp%2Fv2%2Fcomments&post=18004"}],"version-history":[{"count":1,"href":"https:\/\/www.visionweb.com.ar\/index.php?rest_route=\/wp\/v2\/posts\/18004\/revisions"}],"predecessor-version":[{"id":18006,"href":"https:\/\/www.visionweb.com.ar\/index.php?rest_route=\/wp\/v2\/posts\/18004\/revisions\/18006"}],"wp:featuredmedia":[{"embeddable":true,"href":"https:\/\/www.visionweb.com.ar\/index.php?rest_route=\/wp\/v2\/media\/18005"}],"wp:attachment":[{"href":"https:\/\/www.visionweb.com.ar\/index.php?rest_route=%2Fwp%2Fv2%2Fmedia&parent=18004"}],"wp:term":[{"taxonomy":"category","embeddable":true,"href":"https:\/\/www.visionweb.com.ar\/index.php?rest_route=%2Fwp%2Fv2%2Fcategories&post=18004"},{"taxonomy":"post_tag","embeddable":true,"href":"https:\/\/www.visionweb.com.ar\/index.php?rest_route=%2Fwp%2Fv2%2Ftags&post=18004"}],"curies":[{"name":"wp","href":"https:\/\/api.w.org\/{rel}","templated":true}]}}