{"id":18001,"date":"2025-05-05T13:09:32","date_gmt":"2025-05-05T16:09:32","guid":{"rendered":"https:\/\/www.visionweb.com.ar\/?p=18001"},"modified":"2025-05-05T13:09:32","modified_gmt":"2025-05-05T16:09:32","slug":"ampliacion-del-presupuesto-milei-firmo-un-refuerzo-millonario-para-la-side","status":"publish","type":"post","link":"https:\/\/www.visionweb.com.ar\/?p=18001","title":{"rendered":"Ampliaci\u00f3n del Presupuesto: Milei firm\u00f3 un refuerzo millonario para la SIDE"},"content":{"rendered":"<p><em><strong>La norma es con amplio margen para \u201cgastos secretos\u201d, a pesar de los recortes en todas las \u00e1reas sociales. El decreto ampl\u00eda el presupuesto de la SIDE con m\u00e1s de $8.000 millones para \u00abgastos reservados\u00bb. Mientras que las partidas para el\u00a0Ministerio de Capital Humano, se reforzaron con $1.208 millones destinados a programas sociales.<\/strong><\/em><!--more--><\/p>\n<p><strong><img loading=\"lazy\" decoding=\"async\" class=\"size-medium wp-image-18002 alignright\" src=\"https:\/\/www.visionweb.com.ar\/wp-content\/uploads\/2025\/05\/milei-y-carina-300x274.png\" alt=\"\" width=\"300\" height=\"274\" srcset=\"https:\/\/www.visionweb.com.ar\/wp-content\/uploads\/2025\/05\/milei-y-carina-300x274.png 300w, https:\/\/www.visionweb.com.ar\/wp-content\/uploads\/2025\/05\/milei-y-carina.png 523w\" sizes=\"auto, (max-width: 300px) 100vw, 300px\" \/>\u00a0\u00a0\u00a0\u00a0\u00a0\u00a0 E<\/strong>l\u00a0<strong>Gobierno nacional\u00a0<\/strong>oficializ\u00f3 este lunes una <strong>ampliaci\u00f3n millonaria del presupuesto 2025<\/strong> a trav\u00e9s de la\u00a0<strong><a href=\"https:\/\/www.boletinoficial.gob.ar\/detalleAviso\/primera\/324736\/20250505\">Decisi\u00f3n Administrativa 10\/2025<\/a><\/strong>, que lleva la firma del jefe de Gabinete,\u00a0<strong>Guillermo Francos<\/strong>, el ministro de Econom\u00eda,\u00a0<strong>Luis Caputo<\/strong>, y el propio jefe de Estado, <strong>Javier Milei<\/strong>, que contempla reajustes y partidas extra para organismos clave como la\u00a0<strong>Secretar\u00eda de Inteligencia del Estado\u00a0<\/strong>(<strong><a href=\"https:\/\/www.argentina.gob.ar\/inteligencia\">SIDE<\/a><\/strong>).<\/p>\n<p>La norma, publicada esta ma\u00f1ana en el\u00a0<strong>Bolet\u00edn Oficial<\/strong>, redistribuye fondos hacia diferentes organismos del Estado con el argumento de atender <strong>\u201cgastos impostergables\u201d<\/strong>, y asigna una partida especialmente sensible y pol\u00e9mica, con <strong>m\u00e1s de $25.000 millones para la<\/strong>\u00a0<strong>SIDE<\/strong>, de los cuales $8.000 millones se destinar\u00e1n a \u201c<strong>gastos reservados<\/strong>\u201d, <strong>sin obligaci\u00f3n de rendici\u00f3n p\u00fablica<\/strong>.<\/p>\n<p>El refuerzo presupuestario para la\u00a0<strong>SIDE\u00a0<\/strong>reaviv\u00f3 las cr\u00edticas de la oposici\u00f3n, que acus\u00f3 al Ejecutivo<strong>\u00a0<\/strong>de <strong>\u201cavanzar sin control legislativo ni transparencia\u201d, especialmente en lo que refiere a los fondos destinados a inteligencia<\/strong>, que dependen directamente de la Presidencia.\u00a0Cabe recordar, que ya a mediados de marzo hubo una asignaci\u00f3n especial presupuestaria de fondos reservados para la SIDE por $ 1.625 millones.<\/p>\n<p>Desde el\u00a0<strong>Instituto Consenso Federal<\/strong>, su director\u00a0<strong>Alejandro \u201cTopo\u201d Rodr\u00edguez<\/strong>, expres\u00f3 que \u201ces preocupante que el Presidente ampl\u00ede el presupuesto de inteligencia<strong>\u00a0<\/strong>sin discusi\u00f3n en el\u00a0<strong>Congreso<\/strong>, especialmente con\u00a0<strong>gastos secretos\u00a0<\/strong>que no tienen ning\u00fan tipo de control externo\u201d.<\/p>\n<p>Mientras, desde el\u00a0<strong>Gobierno\u00a0<\/strong>argumentan que la decisi\u00f3n se tom\u00f3 en el marco de <strong>la pr\u00f3rroga del<\/strong>\u00a0<strong>presupuesto 2023<\/strong>, vigente en 2025 por la falta de una nueva ley sancionada por el\u00a0<strong>Congreso<\/strong>, lo <strong>que habilita al Ejecutivo a reasignar partidas sin pasar por la aprobaci\u00f3n parlamentaria<\/strong>, de acuerdo al art\u00edculo 27 de la\u00a0<strong>Ley de Administraci\u00f3n Financiera<\/strong>.<\/p>\n<p>De esta manera, y a trav\u00e9s de las decisiones administrativas publicadas en el\u00a0<strong>Bolet\u00edn Oficial<\/strong>, el <strong>jefe de Gabinete puede modificar el esquema de gastos del Estado a discreci\u00f3n<\/strong>, y asignar, como esta ma\u00f1ana, una nueva partida millonaria para la\u00a0<strong>SIDE\u00a0<\/strong>e incorporar\u00a0<strong>gastos secretos<\/strong>.<\/p>\n<p>Por caso, la ampliaci\u00f3n del presupuesto para inteligencia refuerza la figura del asesor presidencial\u00a0<strong>Santiago Caputo<\/strong>, se\u00f1alado como el principal operador pol\u00edtico del entorno \u00edntimo del Presidente. La inclusi\u00f3n de $8.000 millones en gastos reservados le otorga a este sector del <strong>Gobierno una caja millonaria con escasos controles institucionales<\/strong>.<\/p>\n<p>Es preciso mencionar que, adem\u00e1s del pol\u00e9mico incremento a la\u00a0<strong>SIDE<\/strong>, la nueva medida del\u00a0<strong>Gobierno nacional\u00a0<\/strong>distribuye recursos entre otros ministerios y organismos. Por ejemplo, el\u00a0<strong>Ministerio de Salud<\/strong>\u00a0recibir\u00e1 m\u00e1s de $105.000 millones para la compra de vacunas, insumos hospitalarios y tecnolog\u00eda m\u00e9dica, mientras que la cartera de Seguridad contar\u00e1 con $200.000 millones para asistir a damnificados por las inundaciones, y Econom\u00eda absorber\u00e1 casi $189.000 millones para financiar infraestructura energ\u00e9tica e hidrocarbur\u00edfera.<\/p>\n<p>Al mismo tiempo,\u00a0<strong>Francos\u00a0<\/strong><strong>reforz\u00f3 las partidas para el\u00a0Ministerio de Capital Humano, con $1.208 millones destinados a programas sociales<\/strong> y a la\u00a0<strong>Biblioteca Nacional<\/strong>, a las\u00a0<strong>Fuerzas Armadas<\/strong>, con m\u00e1s de $113.000 millones para equipamiento, municiones y operaciones de frontera, y a la\u00a0<strong>Superintendencia de Servicios de Salud<\/strong>, que recibir\u00e1 m\u00e1s de $3.500 millones.<\/p>\n<p>Por otro lado, varias empresas p\u00fablicas como\u00a0<strong>Belgrano Cargas<\/strong>,\u00a0<strong>ADIF<\/strong>,\u00a0<strong>SOFSE<\/strong>,\u00a0<strong>Energ\u00eda Argentina\u00a0<\/strong>y\u00a0<strong>EDUC.AR\u00a0<\/strong>fueron incluidas en la ampliaci\u00f3n presupuestaria. Lo mismo sucedi\u00f3 con organismos como\u00a0<strong>ACUMAR\u00a0<\/strong>y el\u00a0<strong>Ente Regulador del Agua<\/strong>, todos enmarcados bajo el criterio de compromisos plurianuales o gastos de emergencia.<\/p>\n<p><strong>El refuerzo contrasta con el ajuste general del Gobierno<\/strong><\/p>\n<p>El incremento presupuestario destinado a la\u00a0<strong>SIDE\u00a0<\/strong>contrasta fuertemente con los recortes que aplica el\u00a0<strong>Gobierno nacional\u00a0<\/strong>de\u00a0<strong>Milei\u00a0<\/strong>en otras \u00e1reas sensibles como\u00a0<strong>transporte<\/strong>,\u00a0<strong>educaci\u00f3n<\/strong>,\u00a0<strong>cultura<\/strong>, <strong>jubilaciones<\/strong> y\u00a0<strong>desarrollo social<\/strong>.<\/p>\n<p>A esto, se suma el freno en la actualizaci\u00f3n de partidas para provincias, <strong>universidades nacionales<\/strong> y programas de asistencia alimentaria, lo que <strong>revela una asignaci\u00f3n de recursos selectiva y centralizada en sectores estrat\u00e9gicos<\/strong> para la <strong>administraci\u00f3n libertaria<\/strong>.<\/p>\n<p>En tanto, el movimiento presupuestario de este lunes, se da en simult\u00e1neo con la necesidad del presidente<strong>\u00a0<\/strong>de consolidar su liderazgo pol\u00edtico de cara a las elecciones legislativas de medio t\u00e9rmino, y fortalecer su estructura de poder sin depender del\u00a0Congreso.<\/p>\n<p>Por eso, la asignaci\u00f3n de fondos a la\u00a0<strong>SIDE\u00a0<\/strong>sin control legislativo abre un <strong>nuevo frente de tensi\u00f3n<\/strong> entre el\u00a0<strong>Poder Ejecutivo\u00a0<\/strong>y el\u00a0<strong>Congreso<\/strong>, especialmente entre el oficialismo y los bloques opositores, que exigen mayor transparencia y <strong>debate p\u00fablico sobre el destino de los recursos del Estado<\/strong>.<\/p>\n<p><strong>Aunque la medida es legalmente v\u00e1lida<\/strong> bajo las condiciones actuales del presupuesto 2023 prorrogado en 2024 y 2025, su contenido pol\u00edtico y el uso de\u00a0<strong>fondos secretos\u00a0<\/strong>en \u00e1reas como inteligencia, genera <strong>fuertes cuestionamientos en sectores institucionalistas y de la sociedad civil<\/strong>.<\/p>\n<p>En medio de un ajuste econ\u00f3mico que golpea a millones de argentinos, la decisi\u00f3n de aumentar el presupuesto de la\u00a0<strong>SIDE\u00a0<\/strong>con fondos de uso discrecional podr\u00eda convertirse en uno de los episodios m\u00e1s controversiales de la gesti\u00f3n\u00a0<strong>Milei\u00a0<\/strong>en lo que va de 2025.<\/p>\n<p>La oposici\u00f3n ya anticipa que exigir\u00e1 explicaciones en el\u00a0<strong>Congreso\u00a0<\/strong>y no se descarta que se presenten <strong>pedidos de informes<\/strong> para conocer con m\u00e1s precisi\u00f3n el destino de esos fondos millonarios. <strong>(VW)<\/strong><\/p>\n","protected":false},"excerpt":{"rendered":"<p>La norma es con amplio margen para \u201cgastos secretos\u201d, a pesar de los recortes en todas las \u00e1reas sociales. El decreto ampl\u00eda el presupuesto de la SIDE con m\u00e1s de $8.000 millones para \u00abgastos&#46;&#46;&#46;<\/p>\n","protected":false},"author":4,"featured_media":18002,"comment_status":"closed","ping_status":"closed","sticky":false,"template":"","format":"standard","meta":{"_monsterinsights_skip_tracking":false,"_monsterinsights_sitenote_active":false,"_monsterinsights_sitenote_note":"","_monsterinsights_sitenote_category":0,"footnotes":""},"categories":[6,4,5],"tags":[7646,7647,4530],"class_list":["post-18001","post","type-post","status-publish","format-standard","has-post-thumbnail","hentry","category-economia","category-politica","category-sociedad","tag-decreto-10-2025","tag-fondos-para-side","tag-milei"],"_links":{"self":[{"href":"https:\/\/www.visionweb.com.ar\/index.php?rest_route=\/wp\/v2\/posts\/18001","targetHints":{"allow":["GET"]}}],"collection":[{"href":"https:\/\/www.visionweb.com.ar\/index.php?rest_route=\/wp\/v2\/posts"}],"about":[{"href":"https:\/\/www.visionweb.com.ar\/index.php?rest_route=\/wp\/v2\/types\/post"}],"author":[{"embeddable":true,"href":"https:\/\/www.visionweb.com.ar\/index.php?rest_route=\/wp\/v2\/users\/4"}],"replies":[{"embeddable":true,"href":"https:\/\/www.visionweb.com.ar\/index.php?rest_route=%2Fwp%2Fv2%2Fcomments&post=18001"}],"version-history":[{"count":1,"href":"https:\/\/www.visionweb.com.ar\/index.php?rest_route=\/wp\/v2\/posts\/18001\/revisions"}],"predecessor-version":[{"id":18003,"href":"https:\/\/www.visionweb.com.ar\/index.php?rest_route=\/wp\/v2\/posts\/18001\/revisions\/18003"}],"wp:featuredmedia":[{"embeddable":true,"href":"https:\/\/www.visionweb.com.ar\/index.php?rest_route=\/wp\/v2\/media\/18002"}],"wp:attachment":[{"href":"https:\/\/www.visionweb.com.ar\/index.php?rest_route=%2Fwp%2Fv2%2Fmedia&parent=18001"}],"wp:term":[{"taxonomy":"category","embeddable":true,"href":"https:\/\/www.visionweb.com.ar\/index.php?rest_route=%2Fwp%2Fv2%2Fcategories&post=18001"},{"taxonomy":"post_tag","embeddable":true,"href":"https:\/\/www.visionweb.com.ar\/index.php?rest_route=%2Fwp%2Fv2%2Ftags&post=18001"}],"curies":[{"name":"wp","href":"https:\/\/api.w.org\/{rel}","templated":true}]}}