{"id":17999,"date":"2025-05-05T12:27:22","date_gmt":"2025-05-05T15:27:22","guid":{"rendered":"https:\/\/www.visionweb.com.ar\/?p=17999"},"modified":"2025-05-05T12:27:22","modified_gmt":"2025-05-05T15:27:22","slug":"intentan-desactivar-el-paro-de-colectivos-pero-la-uta-ratifico-la-medida-de-fuerza","status":"publish","type":"post","link":"https:\/\/www.visionweb.com.ar\/?p=17999","title":{"rendered":"Intentan desactivar el paro de colectivos, pero la UTA ratific\u00f3 la medida de fuerza"},"content":{"rendered":"<p><em><strong>Habr\u00e1 una reuni\u00f3n esta tarde. Pero los delegados de la UTA exigen un paro de colectivos por tiempo indeterminado a partir del martes.<\/strong><\/em><!--more--><\/p>\n<p><strong> <img loading=\"lazy\" decoding=\"async\" class=\"size-medium wp-image-9729 alignright\" src=\"https:\/\/www.visionweb.com.ar\/wp-content\/uploads\/2023\/02\/COLECTIVOS-300x162.png\" alt=\"\" width=\"300\" height=\"162\" srcset=\"https:\/\/www.visionweb.com.ar\/wp-content\/uploads\/2023\/02\/COLECTIVOS-300x162.png 300w, https:\/\/www.visionweb.com.ar\/wp-content\/uploads\/2023\/02\/COLECTIVOS.png 640w\" sizes=\"auto, (max-width: 300px) 100vw, 300px\" \/>\u00a0 E<\/strong>l\u00a0Gobiern<strong>o\u00a0intentar\u00e1 este lunes desactivar el paro de colectivos\u00a0anunciado por la Uni\u00f3n Tranviarios Automotor<\/strong>\u00a0(UTA) para ma\u00f1ana 6 de mayo, en el \u00c1rea Metropolitana de Buenos Aires (AMBA). Aunque l<strong>a\u00a0Uni\u00f3n Tranviarios Automotor (UTA) lo ratific\u00f3\u00a0esta ma\u00f1ana.\u00a0<\/strong><\/p>\n<p><strong>La\u00a0reuni\u00f3n\u00a0ser\u00e1 esta tarde entre el gremio, los empresarios y el Gobierno,\u00a0aunque desde el sindicato\u00a0confirmaron\u00a0que la medida de fuerza\u00a0sigue en pie\u00a0y que los esfuerzos por desactivarlo ser\u00e1n vanos:\u00a0\u00abNo va a haber ning\u00fan tipo de acuerdo\u00bb.<\/strong><\/p>\n<p><strong>As\u00ed lo afirm\u00f3 este lunes el secretario gremial de la UTA,\u00a0Gabriel Gusso, quien remarc\u00f3 que\u00a0\u00abel paro est\u00e1 confirmado para ma\u00f1ana\u00bb.\u00a0<\/strong><\/p>\n<p><strong>En este sentido, descart\u00f3 que en la reuni\u00f3n que se va a llevar a cabo a las 14 hs entre funcionarios de la Secretar\u00eda de Trabajo, representantes de las empresas y el gremio que nuclea a los choferes de colectivos se pueda encontrar una soluci\u00f3n para destrabar el conflicto que persiste tras el vencimiento de la\u00a0conciliaci\u00f3n obligatoria y la falta de acuerdo paritario entre el gremio y las c\u00e1maras empresarias.<\/strong><\/p>\n<p>La negociaci\u00f3n entre las partes se trab\u00f3 luego de que las c\u00e1maras del transporte (FATAP, AAETA, CEAP, CETUBA, CTPBA y CEUTUPBA) ofrecieran\u00a0tres sumas no remunerativas de $40.000, $50.000 y $70.000 a pagare en mayo, junio y julio.<\/p>\n<p><strong>La UTA rechaz\u00f3 esa oferta por considerarla insuficiente, y se mantiene firme en su reclamo por\u00a0un sueldo b\u00e1sico de $1.700.000<\/strong>.<\/p>\n<p><strong>El cuerpo de delegados de la UTA en las zonas norte, sur, oeste y en la Ciudad de Buenos Aires pidi\u00f3 al Consejo Directivo Nacional del sindicato que convoque a un\u00a0paro por tiempo indeterminado<\/strong>\u00a0\u201chasta que se resuelva la recomposici\u00f3n salarial exigida durante las reiteradas reuniones\u201d. <strong>(VW)<\/strong><\/p>\n<p>&nbsp;<\/p>\n","protected":false},"excerpt":{"rendered":"<p>Habr\u00e1 una reuni\u00f3n esta tarde. Pero los delegados de la UTA exigen un paro de colectivos por tiempo indeterminado a partir del martes.<\/p>\n","protected":false},"author":4,"featured_media":9729,"comment_status":"closed","ping_status":"closed","sticky":false,"template":"","format":"standard","meta":{"_monsterinsights_skip_tracking":false,"_monsterinsights_sitenote_active":false,"_monsterinsights_sitenote_note":"","_monsterinsights_sitenote_category":0,"footnotes":""},"categories":[4,5],"tags":[7645,833,621,2697],"class_list":["post-17999","post","type-post","status-publish","format-standard","has-post-thumbnail","hentry","category-politica","category-sociedad","tag-martes-6-de-mayo","tag-paro-de-colectivos","tag-reunion","tag-uta"],"_links":{"self":[{"href":"https:\/\/www.visionweb.com.ar\/index.php?rest_route=\/wp\/v2\/posts\/17999","targetHints":{"allow":["GET"]}}],"collection":[{"href":"https:\/\/www.visionweb.com.ar\/index.php?rest_route=\/wp\/v2\/posts"}],"about":[{"href":"https:\/\/www.visionweb.com.ar\/index.php?rest_route=\/wp\/v2\/types\/post"}],"author":[{"embeddable":true,"href":"https:\/\/www.visionweb.com.ar\/index.php?rest_route=\/wp\/v2\/users\/4"}],"replies":[{"embeddable":true,"href":"https:\/\/www.visionweb.com.ar\/index.php?rest_route=%2Fwp%2Fv2%2Fcomments&post=17999"}],"version-history":[{"count":1,"href":"https:\/\/www.visionweb.com.ar\/index.php?rest_route=\/wp\/v2\/posts\/17999\/revisions"}],"predecessor-version":[{"id":18000,"href":"https:\/\/www.visionweb.com.ar\/index.php?rest_route=\/wp\/v2\/posts\/17999\/revisions\/18000"}],"wp:featuredmedia":[{"embeddable":true,"href":"https:\/\/www.visionweb.com.ar\/index.php?rest_route=\/wp\/v2\/media\/9729"}],"wp:attachment":[{"href":"https:\/\/www.visionweb.com.ar\/index.php?rest_route=%2Fwp%2Fv2%2Fmedia&parent=17999"}],"wp:term":[{"taxonomy":"category","embeddable":true,"href":"https:\/\/www.visionweb.com.ar\/index.php?rest_route=%2Fwp%2Fv2%2Fcategories&post=17999"},{"taxonomy":"post_tag","embeddable":true,"href":"https:\/\/www.visionweb.com.ar\/index.php?rest_route=%2Fwp%2Fv2%2Ftags&post=17999"}],"curies":[{"name":"wp","href":"https:\/\/api.w.org\/{rel}","templated":true}]}}