{"id":17960,"date":"2025-04-30T09:46:00","date_gmt":"2025-04-30T12:46:00","guid":{"rendered":"https:\/\/www.visionweb.com.ar\/?p=17960"},"modified":"2025-04-30T09:47:30","modified_gmt":"2025-04-30T12:47:30","slug":"a-avanza-la-condonacion-de-deudas-de-municipios-con-la-provincia-de-tiempos-de-la-pandemia","status":"publish","type":"post","link":"https:\/\/www.visionweb.com.ar\/?p=17960","title":{"rendered":"Avanza la condonaci\u00f3n de deudas de municipios con la Provincia de tiempos de la pandemia"},"content":{"rendered":"<p><em><strong>Se trata de un fondo que hab\u00eda girado el Gobierno durante la pandemia de Covid. Se aprobar\u00eda en Diputados en la pr\u00f3xima sesi\u00f3n.<\/strong><\/em><!--more--><\/p>\n<p><img loading=\"lazy\" decoding=\"async\" class=\"size-medium wp-image-17584 alignright\" src=\"https:\/\/www.visionweb.com.ar\/wp-content\/uploads\/2025\/03\/DIPUTADOS-300x197.png\" alt=\"\" width=\"300\" height=\"197\" srcset=\"https:\/\/www.visionweb.com.ar\/wp-content\/uploads\/2025\/03\/DIPUTADOS-300x197.png 300w, https:\/\/www.visionweb.com.ar\/wp-content\/uploads\/2025\/03\/DIPUTADOS.png 640w\" sizes=\"auto, (max-width: 300px) 100vw, 300px\" \/>En un plenario de comisiones, la C\u00e1mara de Diputados dio un espaldarazo a un proyecto que condona las deudas que los municipios ten\u00edan con la Provincia por el\u00a0<strong>fondo creado en la \u00e9poca de pandemia de Covid<\/strong>.<\/p>\n<p>Pese a las tensiones dentro del peronismo bonaerense y algunas diferencias en este tema, se espera que el pr\u00f3ximo mi\u00e9rcoles sesione Diputados para darle media sanci\u00f3n a esta normativa, a la espera de su tratamiento posterior en el Senado.<\/p>\n<p>La aprobaci\u00f3n del proyecto se oficializ\u00f3 al dar despacho a los textos unificados de los proyectos presentados por\u00a0<strong>Juan Pablo de Jes\u00fas<\/strong>\u00a0(UxP),\u00a0<strong>Diego Garciarena<\/strong>\u00a0(UCR+Cambio Federal) y\u00a0<strong>Mat\u00edas Ranzini<\/strong>\u00a0(PRO) ante las comisiones de\u00a0<strong>Asuntos Municipales<\/strong>,\u00a0<strong>Legislaci\u00f3n General<\/strong>\u00a0y de\u00a0<strong>Presupuesto<\/strong>, todas a cargo de Uni\u00f3n por la Patria.<\/p>\n<p>El proyecto lo present\u00f3 De Jes\u00fas, y nace por la medida impuesta por el gobernador Axel Kicillof en 2020 cuando cre\u00f3 por decreto el Fondo Especial de Emergencia Sanitaria para la Contenci\u00f3n Fiscal Municipal, con la intenci\u00f3n de apoyar a los distritos bonaerenses en su lucha contra la propagaci\u00f3n de la enfermedad. Seg\u00fan argumentaron los impulsores del texto, la condonaci\u00f3n de las deudas representa unos 7.900 millones de pesos.<\/p>\n<p>A la fecha de presentaci\u00f3n del presente proyecto ha operado la finalizaci\u00f3n de los periodos de gracia de ambos fondos, y que la Provincia comenz\u00f3 a retener los importes correspondientes a la devoluci\u00f3n de los mismos en el marco de una compleja situaci\u00f3n financiera que afecta a los municipios en relaci\u00f3n, entre otras cosas, a la baja de la actividad econ\u00f3mica\u201d, sostuvo De Jes\u00fas entre los fundamentos.<\/p>\n<p>Tras conocerse este avance en comisiones, un grupo de intendentes peronistas del Conurbano se expres\u00f3 en redes sociales para agradecer el debate.\u00a0La jefa comunal de\u00a0<strong>Quilmes<\/strong>,\u00a0<strong>Mayra Mendoza<\/strong>, aunque evit\u00f3 nombrar a Kicillof, record\u00f3 que \u201cdurante la etapa de la pandemia, los municipios realizamos un esfuerzo muy grande para sostener econ\u00f3mica y socialmente a la poblaci\u00f3n\u201d y que, por eso \u201cagradecemos al ejecutivo provincial y a la legislatura bonaerense condonar las deudas que los municipios manten\u00edan con la Provincia, en el marco del Fondo Especial y as\u00ed aliviar las finanzas locales en un contexto muy dif\u00edcil como el que estamos atravesando a nivel presupuestario por las pol\u00edticas econ\u00f3micas de Milei\u201d.<\/p>\n<p>Otro que dej\u00f3 su mensaje fue el intendente de\u00a0<strong>Merlo<\/strong>,\u00a0<strong>Gustavo Men\u00e9ndez.\u00a0<\/strong>\u201cAgradecemos a nuestro gobernador Kicillof y a la legislatura bonaerense por el proyecto presentado para condonar las deudas que los municipios manten\u00edan con la Provincia, en el marco del\u00a0<strong>Fondo Especial de Emergencia Sanitaria para la Contenci\u00f3n Fiscal Municipal\u00a0<\/strong>que obtuvimos a causa de la pandemia, y as\u00ed aliviar las finanzas locales en un contexto muy dif\u00edcil como el que estamos atravesando a nivel presupuestario por las pol\u00edticas econ\u00f3micas del ejecutivo nacional\u201d, escribi\u00f3 en la red social X.<\/p>\n<p>Su par de\u00a0<strong>Malvinas Argentinas<\/strong>,\u00a0<strong>Leonardo Nardini<\/strong>, tambi\u00e9n dio \u201cgracias al gobernador y al bloque de legisladores de Uni\u00f3n por la Patria por impulsar en la Legislatura la derogaci\u00f3n de la devoluci\u00f3n del Fondo COVID\u201d. Y cerr\u00f3: \u201cMientras el gobierno nacional ajusta y asfixia a los bonaerenses, en la Provincia seguimos defendiendo a nuestros ciudadanos y a los 135 municipios sin distinci\u00f3n pol\u00edtica o partidaria. Un nuevo y gran esfuerzo econ\u00f3mico del ejecutivo provincial en post de las y los bonaerenses\u201d<strong>(VW)<\/strong><\/p>\n","protected":false},"excerpt":{"rendered":"<p>Se trata de un fondo que hab\u00eda girado el Gobierno durante la pandemia de Covid. Se aprobar\u00eda en Diputados en la pr\u00f3xima sesi\u00f3n.<\/p>\n","protected":false},"author":3,"featured_media":17584,"comment_status":"closed","ping_status":"closed","sticky":false,"template":"","format":"standard","meta":{"_monsterinsights_skip_tracking":false,"_monsterinsights_sitenote_active":false,"_monsterinsights_sitenote_note":"","_monsterinsights_sitenote_category":0,"footnotes":""},"categories":[4],"tags":[2531,1368,148,168],"class_list":["post-17960","post","type-post","status-publish","format-standard","has-post-thumbnail","hentry","category-politica","tag-condonacion","tag-deudas","tag-municipios","tag-pandemia"],"_links":{"self":[{"href":"https:\/\/www.visionweb.com.ar\/index.php?rest_route=\/wp\/v2\/posts\/17960","targetHints":{"allow":["GET"]}}],"collection":[{"href":"https:\/\/www.visionweb.com.ar\/index.php?rest_route=\/wp\/v2\/posts"}],"about":[{"href":"https:\/\/www.visionweb.com.ar\/index.php?rest_route=\/wp\/v2\/types\/post"}],"author":[{"embeddable":true,"href":"https:\/\/www.visionweb.com.ar\/index.php?rest_route=\/wp\/v2\/users\/3"}],"replies":[{"embeddable":true,"href":"https:\/\/www.visionweb.com.ar\/index.php?rest_route=%2Fwp%2Fv2%2Fcomments&post=17960"}],"version-history":[{"count":3,"href":"https:\/\/www.visionweb.com.ar\/index.php?rest_route=\/wp\/v2\/posts\/17960\/revisions"}],"predecessor-version":[{"id":17964,"href":"https:\/\/www.visionweb.com.ar\/index.php?rest_route=\/wp\/v2\/posts\/17960\/revisions\/17964"}],"wp:featuredmedia":[{"embeddable":true,"href":"https:\/\/www.visionweb.com.ar\/index.php?rest_route=\/wp\/v2\/media\/17584"}],"wp:attachment":[{"href":"https:\/\/www.visionweb.com.ar\/index.php?rest_route=%2Fwp%2Fv2%2Fmedia&parent=17960"}],"wp:term":[{"taxonomy":"category","embeddable":true,"href":"https:\/\/www.visionweb.com.ar\/index.php?rest_route=%2Fwp%2Fv2%2Fcategories&post=17960"},{"taxonomy":"post_tag","embeddable":true,"href":"https:\/\/www.visionweb.com.ar\/index.php?rest_route=%2Fwp%2Fv2%2Ftags&post=17960"}],"curies":[{"name":"wp","href":"https:\/\/api.w.org\/{rel}","templated":true}]}}