{"id":17916,"date":"2025-04-25T21:04:17","date_gmt":"2025-04-26T00:04:17","guid":{"rendered":"https:\/\/www.visionweb.com.ar\/?p=17916"},"modified":"2025-04-25T21:04:45","modified_gmt":"2025-04-26T00:04:45","slug":"se-inauguro-la-49a-edicion-de-la-feria-internacional-del-libro-de-buenos-aires","status":"publish","type":"post","link":"https:\/\/www.visionweb.com.ar\/?p=17916","title":{"rendered":"Se inaugur\u00f3 la 49a edici\u00f3n de la Feria Internacional del Libro de Buenos Aires"},"content":{"rendered":"<p><em><strong>En el predio de La Rural, la Feria se encuentra abierta al p\u00fablico a partir des 24 de abril, hasta el 12 de mayo. El horario es de 14 a 22.<\/strong><\/em><!--more--><\/p>\n<p><img loading=\"lazy\" decoding=\"async\" class=\"size-medium wp-image-17917 alignleft\" src=\"https:\/\/www.visionweb.com.ar\/wp-content\/uploads\/2025\/04\/APERTURA-FERIA-DEL-LIBRO-300x200.jpg\" alt=\"\" width=\"300\" height=\"200\" srcset=\"https:\/\/www.visionweb.com.ar\/wp-content\/uploads\/2025\/04\/APERTURA-FERIA-DEL-LIBRO-300x200.jpg 300w, https:\/\/www.visionweb.com.ar\/wp-content\/uploads\/2025\/04\/APERTURA-FERIA-DEL-LIBRO.jpg 640w\" sizes=\"auto, (max-width: 300px) 100vw, 300px\" \/>El acto oficial se llev\u00f3 a cabo este jueves 24 de abril a las 18 en el predio La Rural. Estuvieron presentes tanto autoridades nacionales, diplom\u00e1ticas, de la Fundaci\u00f3n El Libro, de Riyadh, Ciudad Invitada de Honor de este a\u00f1o; como periodistas y escritores.<\/p>\n<p>Juan Sasturain fue quien pronunci\u00f3 el discurso de apertura de la edici\u00f3n que nos acerca cada vez m\u00e1s al aniversario 50. Compartimos el Video de este evento.<\/p>\n<p>La ciudad es testigo de una nueva edici\u00f3n de la Feria del Libro, el evento que todos los a\u00f1os festeja la literatura y re\u00fane a la industria editorial internacional. Esta edici\u00f3n cuenta con una programaci\u00f3n repleta de presentaciones de libros, charlas con escritores y actividades culturales para todas las edades.<\/p>\n<p>En el predio de La Rural, la Feria se encuentra abierta al p\u00fablico a partir des 24 de abril, hasta el 12 de mayo. Los horarios son de lunes a viernes de 14:00 a 22:00; s\u00e1bados, domingos y feriados del 1 y 2 de mayo de 13:00 a 22:00.<\/p>\n<p>Las palabras de bienvenida estuvieron a cargo de, presidente de la Fundaci\u00f3n de el Libro, Christian\u00a0 Rainone.<\/p>\n<p>El Presidente de la Fundaci\u00f3n, dedico sus primeras palabras a la memoria del Papa Francisco al recordar una de sus tantas frases en las que se\u00f1al\u00f3 en vida: \u201cLa literatura educa el coraz\u00f3n y la mente, nos<br \/>\nabre a la escucha\u201d<\/p>\n<p>\u00abLlegamos a este aniversario gracias al trabajo sostenido y comprometido de editores, autores, libreros, ilustradores, distribuidores, imprenteros, dise\u00f1adores, periodistas, especialmente gracias a mis colegas del Consejo Administraci\u00f3n, al s\u00f3lido equipo profesional de la Fundaci\u00f3n El Libro y, sobre todo, gracias a los cientos de miles de lectores que a\u00f1o tras a\u00f1o nos acompa\u00f1an y hacen que la Feria sea este extraordinario para\u00edso cultural\u00bb, puntualiz\u00f3<\/p>\n<p>Entre otros conceptos Rainone destac\u00f3 la trayectoria de la Entidad y la importancia de las muestras, que fueron creciendo con cada a\u00f1o que pas\u00f3 y en ese sentido agreg\u00f3: \u00abEn la l\u00ednea de la tradici\u00f3n continuaremos realizando programas culturales de excelencia como el Festival de Poes\u00eda; los Di\u00e1logos Latinoamericano, Argentino y de Pueblos Originarios; la Marat\u00f3n de la Lectura dedicada al gran Juan Jos\u00e9 Saer, y nuevamente tendremos un potente debate de cierre. Seguiremos con las actividades educativas como el Congreso de Promoci\u00f3n del Libro, el Foro de Ciencias, las Jornadas de Educaci\u00f3n y el Encuentro de Narradores. Tambi\u00e9n habr\u00e1 lugar para \u201cOrgullo y Prejuicio\u201d.<\/p>\n<p>Con respecto a las vistas esperadas as los largo de los 12 d\u00edas de la Exposici\u00f3n, el presidente de la Fundaci\u00f3n El Libro, anticip\u00f3 que la muestra ser\u00e1 visitada por m\u00e1s de 150 escritores internacionales y mensi\u00f3n\u00f3 algunos de los nombres que recorrer\u00e1n el predio Ferial de la Rural de Palermo.<\/p>\n<p>\u00abPara ilustrar la riqueza y variedad de la agenda cultural: estar\u00e1n presentes el escritor guatemalteco Eduardo Halfon; el narrador italiano Erri de Luca; Sunme Yoon, traductora coreana de la Premio Nobel Han<br \/>\nKang; un conjunto impresionante de poetas como el mexicano Fabio Mor\u00e1bito, la irlandesa Moya Cannon, la peruana Carmen Oll\u00e9, autores como el ucraniano Yuri Andrujovich y la nicarag\u00fcense Gioconda Belli; ilustradores como el franc\u00e9s Benjamin Lacombe, entre otras figuras\u00bb. detall\u00f3.<\/p>\n<p>Rainone record\u00f3 tambi\u00e9n la semblanza del autor de La Ciudad y Los Perros, Mario Vargas Llosa, quien falleci\u00f3 el 13 de abril \u00faltimo y en ese sentido cit\u00f3 una de sus frases: \u201cLa buena literatura tiende puentes entre gentes distintas y, haci\u00e9ndonos gozar, sufrir o sorprendernos, nos une por debajo de las lenguas, creencias, usos, costumbres y prejuicios que nos separan\u201d.<\/p>\n<p>La frase form\u00f3 parte del discurso que pronunci\u00f3\u00a0 Vargas Llosa al recibir el Premio Nobel de Literatura en 2010.<strong>(VW)<\/strong><\/p>\n<p>&nbsp;<\/p>\n<p>&nbsp;<\/p>\n","protected":false},"excerpt":{"rendered":"<p>En el predio de La Rural, la Feria se encuentra abierta al p\u00fablico a partir des 24 de abril, hasta el 12 de mayo. El horario es de 14 a 22.<\/p>\n","protected":false},"author":3,"featured_media":17917,"comment_status":"closed","ping_status":"closed","sticky":false,"template":"","format":"standard","meta":{"_monsterinsights_skip_tracking":false,"_monsterinsights_sitenote_active":false,"_monsterinsights_sitenote_note":"","_monsterinsights_sitenote_category":0,"footnotes":""},"categories":[7,8],"tags":[232,2579,7609,7610],"class_list":["post-17916","post","type-post","status-publish","format-standard","has-post-thumbnail","hentry","category-educacion-y-cultura","category-interes-general","tag-apertura","tag-feria","tag-lirbo","tag-raimone"],"_links":{"self":[{"href":"https:\/\/www.visionweb.com.ar\/index.php?rest_route=\/wp\/v2\/posts\/17916","targetHints":{"allow":["GET"]}}],"collection":[{"href":"https:\/\/www.visionweb.com.ar\/index.php?rest_route=\/wp\/v2\/posts"}],"about":[{"href":"https:\/\/www.visionweb.com.ar\/index.php?rest_route=\/wp\/v2\/types\/post"}],"author":[{"embeddable":true,"href":"https:\/\/www.visionweb.com.ar\/index.php?rest_route=\/wp\/v2\/users\/3"}],"replies":[{"embeddable":true,"href":"https:\/\/www.visionweb.com.ar\/index.php?rest_route=%2Fwp%2Fv2%2Fcomments&post=17916"}],"version-history":[{"count":1,"href":"https:\/\/www.visionweb.com.ar\/index.php?rest_route=\/wp\/v2\/posts\/17916\/revisions"}],"predecessor-version":[{"id":17918,"href":"https:\/\/www.visionweb.com.ar\/index.php?rest_route=\/wp\/v2\/posts\/17916\/revisions\/17918"}],"wp:featuredmedia":[{"embeddable":true,"href":"https:\/\/www.visionweb.com.ar\/index.php?rest_route=\/wp\/v2\/media\/17917"}],"wp:attachment":[{"href":"https:\/\/www.visionweb.com.ar\/index.php?rest_route=%2Fwp%2Fv2%2Fmedia&parent=17916"}],"wp:term":[{"taxonomy":"category","embeddable":true,"href":"https:\/\/www.visionweb.com.ar\/index.php?rest_route=%2Fwp%2Fv2%2Fcategories&post=17916"},{"taxonomy":"post_tag","embeddable":true,"href":"https:\/\/www.visionweb.com.ar\/index.php?rest_route=%2Fwp%2Fv2%2Ftags&post=17916"}],"curies":[{"name":"wp","href":"https:\/\/api.w.org\/{rel}","templated":true}]}}