{"id":17914,"date":"2025-04-25T07:45:15","date_gmt":"2025-04-25T10:45:15","guid":{"rendered":"https:\/\/www.visionweb.com.ar\/?p=17914"},"modified":"2025-04-25T07:52:11","modified_gmt":"2025-04-25T10:52:11","slug":"legislatura-bonaerense-el-lunes-se-debate-la-suspension-de-las-paso","status":"publish","type":"post","link":"https:\/\/www.visionweb.com.ar\/?p=17914","title":{"rendered":"Legislatura bonaerense: El lunes se debate la suspensi\u00f3n de las PASO"},"content":{"rendered":"<p><em><strong>Ya est\u00e1n los dos tercios de los votos. Desde el martes debaten la modificaci\u00f3n de las PASO. Bianco ya defini\u00f3 que ir\u00e1.<\/strong><\/em><!--more--><\/p>\n<p><img loading=\"lazy\" decoding=\"async\" class=\"size-medium wp-image-2242 alignright\" src=\"https:\/\/www.visionweb.com.ar\/wp-content\/uploads\/2021\/07\/LEGISLATURA-DE-LA-PROVINCIA-DE-BUENOS-AIRES-300x199.png\" alt=\"\" width=\"300\" height=\"199\" srcset=\"https:\/\/www.visionweb.com.ar\/wp-content\/uploads\/2021\/07\/LEGISLATURA-DE-LA-PROVINCIA-DE-BUENOS-AIRES-300x199.png 300w, https:\/\/www.visionweb.com.ar\/wp-content\/uploads\/2021\/07\/LEGISLATURA-DE-LA-PROVINCIA-DE-BUENOS-AIRES-768x510.png 768w, https:\/\/www.visionweb.com.ar\/wp-content\/uploads\/2021\/07\/LEGISLATURA-DE-LA-PROVINCIA-DE-BUENOS-AIRES.png 800w\" sizes=\"auto, (max-width: 300px) 100vw, 300px\" \/>La c\u00e1mara de Diputados se dispone a votar el lunes la eliminaci\u00f3n de las PASO bonaerenses, donde existe consenso para alcanzar los dos tercios de votos necesarios.<\/p>\n<p>El cuerpo de legisladores ya curs\u00f3 las invitaciones para discutir desde el martes la cuesti\u00f3n de los plazos electorales: fueron convocados la vice Ver\u00f3nica Magario, ministro de Gobierno Carlos Bianco, la presidenta de la Junta Electoral Hilda Kogan pero no el juez Alejo Ramos Padilla.<\/p>\n<p>Desde la legislatura explicaron que el acuerdo para suspender las PASO -un expediente que iba a votarse ayer pero fue excluido de la sesi\u00f3n, en la que solo se homenaje\u00f3 al fallecido Papa Francisco- solo excluye a la bancada de la izquierda (el PTS tiene un bloque unipersonal) y a la diputada Luc\u00eda Klug, que integra Uni\u00f3n por la Patria pero responde a Juan Grabois, que se opone a la suspensi\u00f3n de las internas.<\/p>\n<p>De confirmarse la iniciativa (tiene media sanci\u00f3n del Senado),\u00a0 la suspensi\u00f3n de las PASO se convertir\u00e1 en ley porque el acuerdo es para votar el proyecto.<\/p>\n<p>Este proyecto de Ley qued\u00f3 envuelto en la pol\u00e9mica, porque excluy\u00f3 un articulo en el que el Ejecutivo hab\u00eda plasmado su voluntad de modificar -para extender- los plazos del cronograma electoral, algo que la Junta Electoral tambi\u00e9n pidi\u00f3, bajo advertencia de que los tiempos actuales son imposibles de cumplir.<\/p>\n<p>Fuentes de Diputados explicaron que ese segundo debate involucra al oficialismo y tambi\u00e9n a la oposici\u00f3n, que habr\u00eda hecho llegar un pedido especial para que el Ejecutivo realice una convocatoria pol\u00edtica y explique su visi\u00f3n sobre la necesidad de modificar los tiempos del proceso electoral, al igual que la Junta. Ese pedido llego a las autoridades de la c\u00e1mara, que ya hicieron la convocatoria correspondiente.<\/p>\n<p>Fuentes del Ejecutivo confirmaron a DIB que Bianco se presentar\u00e1 el martes en la Comisi\u00f3n de Reforma Pol\u00edtica, el \u00e1mbito elegido para debatir el tema con vistas a la posibilidad de redactar un proyecto que establezca una nueva hoja de ruta de cara a la elecci\u00f3n.<\/p>\n<p>El presidente de Diputados, Alexis Guerrera, tambi\u00e9n invit\u00f3 a Magario -y a los senadores que ella disponga- y a Hilda Kogan, la presidenta de la Junta -y de la Corte-. No se incluy\u00f3 a Ramos Padilla porque prim\u00f3 el criterio de que es el juez electoral nacional no tiene hasta ahora intervenci\u00f3n en el proceso electoral de la Provincia, que fue desdoblado respecto del nacional.<\/p>\n<p>En t\u00e9rminos t\u00e9cnicos, lo que se busca discutir es el art\u00edculo 61 de la Ley 5.109, que es la que regir\u00e1 para ordenar la elecci\u00f3n bonaerense una vez que caigan las PASO.<\/p>\n<p>Respecto de los plazos, la norma fija 60 d\u00edas de antelaci\u00f3n al de la elecci\u00f3n (7 de septiembre) para presentar las alianzas, 30 para las listas y 20 para las boletas.<\/p>\n<p>Kicillof quiere 100 d\u00edas de antelaci\u00f3n para convocar a elecciones, 80 para el reconocimiento de alianzas, 70 para la presentaci\u00f3n de listas y 50 para las boletas. En su reclamo a Diputados, la Junta pidi\u00f3 llevar la presentaci\u00f3n de listas a 50 d\u00edas y la entrega de boletas a 30 d\u00edas previos a la elecci\u00f3n(VW)<\/p>\n<p><strong>Agencia DIB<\/strong><\/p>\n","protected":false},"excerpt":{"rendered":"<p>Ya est\u00e1n los dos tercios de los votos. Desde el martes debaten la modificaci\u00f3n de las PASO. Bianco ya defini\u00f3 que ir\u00e1.<\/p>\n","protected":false},"author":3,"featured_media":2242,"comment_status":"closed","ping_status":"closed","sticky":false,"template":"","format":"standard","meta":{"_monsterinsights_skip_tracking":false,"_monsterinsights_sitenote_active":false,"_monsterinsights_sitenote_note":"","_monsterinsights_sitenote_category":0,"footnotes":""},"categories":[1],"tags":[143,204,2039,1882],"class_list":["post-17914","post","type-post","status-publish","format-standard","has-post-thumbnail","hentry","category-uncategorized","tag-diputados","tag-paso","tag-sesion","tag-votos"],"_links":{"self":[{"href":"https:\/\/www.visionweb.com.ar\/index.php?rest_route=\/wp\/v2\/posts\/17914","targetHints":{"allow":["GET"]}}],"collection":[{"href":"https:\/\/www.visionweb.com.ar\/index.php?rest_route=\/wp\/v2\/posts"}],"about":[{"href":"https:\/\/www.visionweb.com.ar\/index.php?rest_route=\/wp\/v2\/types\/post"}],"author":[{"embeddable":true,"href":"https:\/\/www.visionweb.com.ar\/index.php?rest_route=\/wp\/v2\/users\/3"}],"replies":[{"embeddable":true,"href":"https:\/\/www.visionweb.com.ar\/index.php?rest_route=%2Fwp%2Fv2%2Fcomments&post=17914"}],"version-history":[{"count":1,"href":"https:\/\/www.visionweb.com.ar\/index.php?rest_route=\/wp\/v2\/posts\/17914\/revisions"}],"predecessor-version":[{"id":17915,"href":"https:\/\/www.visionweb.com.ar\/index.php?rest_route=\/wp\/v2\/posts\/17914\/revisions\/17915"}],"wp:featuredmedia":[{"embeddable":true,"href":"https:\/\/www.visionweb.com.ar\/index.php?rest_route=\/wp\/v2\/media\/2242"}],"wp:attachment":[{"href":"https:\/\/www.visionweb.com.ar\/index.php?rest_route=%2Fwp%2Fv2%2Fmedia&parent=17914"}],"wp:term":[{"taxonomy":"category","embeddable":true,"href":"https:\/\/www.visionweb.com.ar\/index.php?rest_route=%2Fwp%2Fv2%2Fcategories&post=17914"},{"taxonomy":"post_tag","embeddable":true,"href":"https:\/\/www.visionweb.com.ar\/index.php?rest_route=%2Fwp%2Fv2%2Ftags&post=17914"}],"curies":[{"name":"wp","href":"https:\/\/api.w.org\/{rel}","templated":true}]}}