{"id":17912,"date":"2025-04-24T09:44:45","date_gmt":"2025-04-24T12:44:45","guid":{"rendered":"https:\/\/www.visionweb.com.ar\/?p=17912"},"modified":"2025-04-24T09:45:17","modified_gmt":"2025-04-24T12:45:17","slug":"se-abre-el-debate-sobre-el-salario-minimo","status":"publish","type":"post","link":"https:\/\/www.visionweb.com.ar\/?p=17912","title":{"rendered":"Se abre el debate sobre el salario m\u00ednimo"},"content":{"rendered":"<p><em><strong>En diciembre, el Salario M\u00ednima Vital y M\u00ednimo subi\u00f3 3% (de $ 271.571,22 a $279.718), frente a una inflaci\u00f3n que ese mes fue del 2,7%<\/strong><\/em><!--more--><\/p>\n<p><img loading=\"lazy\" decoding=\"async\" class=\"size-full wp-image-1512 alignright\" src=\"https:\/\/www.visionweb.com.ar\/wp-content\/uploads\/2021\/04\/salario-minimo-35-por-ciento-abril-telam.bmp\" alt=\"\" width=\"481\" height=\"296\" \/>El Consejo Nacional del Empleo, la Productividad y el Salario M\u00ednimo, Vital y M\u00f3vil convoc\u00f3 para el 29 de abril a la reuni\u00f3n virtual de representantes gremiales y empresarios para debatir los nuevos valores del haber, que no tuvo modificaciones este mes y que acumula un deterioro del orden del 34% en relaci\u00f3n con la inflaci\u00f3n acumulada desde la asunci\u00f3n del presidente Javier Milei.<\/p>\n<p>La reuni\u00f3n, oficializada a trav\u00e9s de la Resoluci\u00f3n 1\/2025, publicada en el Bolet\u00edn Oficial, est\u00e1 prevista para las 12:30 y estar\u00e1 presidida por la subsecretaria de Relaciones del Trabajo, Claudia Testa.<\/p>\n<p>Tras el \u00faltimo encuentro virtual del Consejo, realizado el 19 de diciembre de 2024, se resolvi\u00f3 una serie de incrementos para el cuatrimestre comprendido entre ese mes y marzo de 2025, que en los dos primeros meses fueron mayores que la inflaci\u00f3n, pero en febrero y marzo se ubicaron por debajo de la evoluci\u00f3n del \u00cdndice de Precios al Consumidor (IPC).<\/p>\n<p>En diciembre, el Salario M\u00ednima Vital y M\u00ednimo subi\u00f3 3% (de $ 271.571,22 a $279.718), frente a una inflaci\u00f3n que ese mes fue del 2,7%, en tanto en enero la suba del salario m\u00ednimo fue del 2,5% ($286.711) con un IPC que se elev\u00f3 2,2%.<\/p>\n<p>La realidad fue diferente a partir de febrero, mes en el que el haber m\u00ednimo tuvo un alza del 2% ($292.446), con una inflaci\u00f3n del 2,4%, una brecha que se ampli\u00f3 en marzo, con un ajuste salarial del 1,5% ($296.832) y una alza de los precios minoristas del 3,7%.<\/p>\n<p>Cuando a\u00fan resta conocerse el IPC de abril, que se difundir\u00e1 el 14 de mayo, tampoco se sabe si el Consejo del Salario resolver\u00e1 un incremento a partir de ese mes en el que no hubo modificaciones respecto del nivel de marzo o del siguiente, as\u00ed como si el porcentaje ser\u00e1 superior o inferior a la inflaci\u00f3n.<\/p>\n<p>La p\u00e9rdida en relaci\u00f3n con la inflaci\u00f3n desde noviembre de 2023 lleg\u00f3 al 31,4% en marzo, pero podr\u00eda profundizarse y alcanzar por lo menos el 34% en los 17 meses transcurridos desde entonces si es que no hay ajustes del SMVM en abril.<\/p>\n<p>Asimismo, la cobertura del salario m\u00ednimo ante la Canasta B\u00e1sica Total (CBT), que marca el umbral de la pobreza, cay\u00f3 en marzo al 26,98% seg\u00fan la medici\u00f3n difundida por el Instituto Nacional de Estad\u00edstica y Censos (Indec), pero ser\u00eda a\u00fan menor si se tomase como referencia la del Instituto de Estad\u00edstica y Censos de la Ciudad de Buenos Aires (Idecba), cayendo en este caso al 25,86%.<\/p>\n<p>Si la CBT aumentara en abril en un porcentaje similar al de la inflaci\u00f3n proyectada, la cobertura respecto de la medici\u00f3n del Indec descender\u00eda a menos del 26%, el menor porcentaje desde que se cuentan con registros oficiales.<\/p>\n<p>En los 16 meses comprendidos entre noviembre de 2023 y marzo de 2025, el SMVM tuvo un incremento del 103,4%, por debajo del 196,5% que en el mismo lapso tuvo el IPC, en tanto la CBT mostr\u00f3 un alza del 181,8%.<\/p>\n<p>En noviembre de 2023, \u00faltimo mes completo antes de la asunci\u00f3n de Milei, el SMVM hab\u00eda sido fijado en $146.000, en tanto la CBT para una familia de cuatro integrantes estaba valuada en $390.456,32, de lo que surge que la cobertura del haber m\u00ednimo alcanzaba al 37,39% de los gastos de pobreza.<\/p>\n<p>El SMVM fue fijado en marzo en $296.832, con un aumento mensual del 1,5%, menos de la mitad del 3,7% del IPC de ese mes y a su vez inferior a la tercera parte del 5,37% que tuvo de suba la canasta de pobreza.<\/p>\n<p>La p\u00e9rdida del poder de compra del salario m\u00ednimo no comenz\u00f3 con la gesti\u00f3n de Milei, si se tiene en cuenta que en la Presidencia de Alberto Fern\u00e1ndez pas\u00f3 de un m\u00e1ximo de cobertura del 58,97% de los gastos de pobreza en junio de 2021 al 36,34% en marzo de 2023, es decir una ca\u00edda de m\u00e1s de 22 puntos porcentuales en 21 meses.<\/p>\n<p>Pero, lejos de interrumpir esa ca\u00edda, en los diecisiete primeros meses de gobierno de La Liberta Avanza el deterioro se profundiz\u00f3, tanto por la aplicaci\u00f3n de ajustes inferiores a la inflaci\u00f3n como a la decisi\u00f3n de no modificar el haber m\u00ednimo en enero, junio y noviembre de 2024 y -hasta ahora- abril de este a\u00f1o, meses en los que la inflaci\u00f3n fue de 20,6%, 4,6% y 2,4%, respectivamente, estim\u00e1ndose en cerca de un 4% para el mes en curso.<\/p>\n<p>Si se pretendiese actualizar el haber m\u00ednimo para que cuente con la misma cobertura de la CBT de noviembre de 2023, el monto tendr\u00eda que haber sido en marzo de $ 411.389 en relaci\u00f3n con la canasta de pobreza o de $432.890 si se la actualiza por la inflaci\u00f3n, lo que implicar\u00eda incrementos del nivel actual de un 38,59% en el primer caso y del 45,84% en funci\u00f3n del IPC.<strong>(VW)<\/strong><\/p>\n","protected":false},"excerpt":{"rendered":"<p>En diciembre, el Salario M\u00ednima Vital y M\u00ednimo subi\u00f3 3% (de $ 271.571,22 a $279.718), frente a una inflaci\u00f3n que ese mes fue del 2,7%<\/p>\n","protected":false},"author":3,"featured_media":1512,"comment_status":"closed","ping_status":"closed","sticky":false,"template":"","format":"standard","meta":{"_monsterinsights_skip_tracking":false,"_monsterinsights_sitenote_active":false,"_monsterinsights_sitenote_note":"","_monsterinsights_sitenote_category":0,"footnotes":""},"categories":[3,8],"tags":[207,876,989],"class_list":["post-17912","post","type-post","status-publish","format-standard","has-post-thumbnail","hentry","category-actualidad","category-interes-general","tag-consejo","tag-convocatoria","tag-salario"],"_links":{"self":[{"href":"https:\/\/www.visionweb.com.ar\/index.php?rest_route=\/wp\/v2\/posts\/17912","targetHints":{"allow":["GET"]}}],"collection":[{"href":"https:\/\/www.visionweb.com.ar\/index.php?rest_route=\/wp\/v2\/posts"}],"about":[{"href":"https:\/\/www.visionweb.com.ar\/index.php?rest_route=\/wp\/v2\/types\/post"}],"author":[{"embeddable":true,"href":"https:\/\/www.visionweb.com.ar\/index.php?rest_route=\/wp\/v2\/users\/3"}],"replies":[{"embeddable":true,"href":"https:\/\/www.visionweb.com.ar\/index.php?rest_route=%2Fwp%2Fv2%2Fcomments&post=17912"}],"version-history":[{"count":1,"href":"https:\/\/www.visionweb.com.ar\/index.php?rest_route=\/wp\/v2\/posts\/17912\/revisions"}],"predecessor-version":[{"id":17913,"href":"https:\/\/www.visionweb.com.ar\/index.php?rest_route=\/wp\/v2\/posts\/17912\/revisions\/17913"}],"wp:featuredmedia":[{"embeddable":true,"href":"https:\/\/www.visionweb.com.ar\/index.php?rest_route=\/wp\/v2\/media\/1512"}],"wp:attachment":[{"href":"https:\/\/www.visionweb.com.ar\/index.php?rest_route=%2Fwp%2Fv2%2Fmedia&parent=17912"}],"wp:term":[{"taxonomy":"category","embeddable":true,"href":"https:\/\/www.visionweb.com.ar\/index.php?rest_route=%2Fwp%2Fv2%2Fcategories&post=17912"},{"taxonomy":"post_tag","embeddable":true,"href":"https:\/\/www.visionweb.com.ar\/index.php?rest_route=%2Fwp%2Fv2%2Ftags&post=17912"}],"curies":[{"name":"wp","href":"https:\/\/api.w.org\/{rel}","templated":true}]}}