{"id":17908,"date":"2025-04-24T09:05:57","date_gmt":"2025-04-24T12:05:57","guid":{"rendered":"https:\/\/www.visionweb.com.ar\/?p=17908"},"modified":"2025-04-24T09:07:13","modified_gmt":"2025-04-24T12:07:13","slug":"el-municipio-de-a-brown-realizo-un-mural-enm-homenaje-al-papa-francisco","status":"publish","type":"post","link":"https:\/\/www.visionweb.com.ar\/?p=17908","title":{"rendered":"El municipio de A. Brown realiz\u00f3 un mural en homenaje al  Papa Francisco"},"content":{"rendered":"<p><em><strong>La obra, denominada \u201cHomenaje al Papa Francisco\u201d fue realizada por la Comuna browniana a trav\u00e9s del Instituto de las Culturas.<\/strong><\/em><!--more--><\/p>\n<p><img loading=\"lazy\" decoding=\"async\" class=\"size-medium wp-image-17909 alignright\" src=\"https:\/\/www.visionweb.com.ar\/wp-content\/uploads\/2025\/04\/HOMENAJE-A-FRANCISCO-300x183.png\" alt=\"\" width=\"300\" height=\"183\" srcset=\"https:\/\/www.visionweb.com.ar\/wp-content\/uploads\/2025\/04\/HOMENAJE-A-FRANCISCO-300x183.png 300w, https:\/\/www.visionweb.com.ar\/wp-content\/uploads\/2025\/04\/HOMENAJE-A-FRANCISCO.png 640w\" sizes=\"auto, (max-width: 300px) 100vw, 300px\" \/>En el marco de la despedida y los homenajes al\u00a0Papa Francisco,\u00a0el Municipio de Almirante Brown inaugur\u00f3 un mural del Santo Padre\u00a0en la Plazoleta del Bombero de la localidad de Rafael Calzada.<\/p>\n<p>El espacio p\u00fablico, ubicado en la intersecci\u00f3n de la avenida Rep\u00fablica Argentina y la calle Presidente Per\u00f3n, luce diferente con la imborrable y majestuosa figura del Sumo Pont\u00edfice, quien falleci\u00f3 el lunes. La imagen tambi\u00e9n est\u00e1 acompa\u00f1ada de dos palomas blancas y un cielo con los colores de nuestro pabell\u00f3n nacional.<\/p>\n<p>\u201cA partir de ahora, los vecinos podr\u00e1n descubrir este espacio dedicado a Francisco y, en un momento de reflexi\u00f3n y recogimiento, rendirle homenaje a nuestro Papa, el primer Papa jesuita, latinoamericano y argentino, vicario de Cristo, que ha dejado un enorme legado basado en la misericordia, la justicia y la fraternidad\u201d, remarcaron desde la Comuna.<\/p>\n<p>La obra, denominada \u201cHomenaje al Papa Francisco\u201d fue realizada por la Comuna browniana a trav\u00e9s del Instituto de las Culturas, en el marco del programa de embellecimiento urbano que se lleva adelante en los diferentes barrios y localidades del distrito. Los artistas que intervinieron en el mural son Tin, Eki Besada, Heber Mart\u00ednez, y adem\u00e1s Gustavo Alderete<strong>(VW)<\/strong>.<\/p>\n","protected":false},"excerpt":{"rendered":"<p>La obra, denominada \u201cHomenaje al Papa Francisco\u201d fue realizada por la Comuna browniana a trav\u00e9s del Instituto de las Culturas.<\/p>\n","protected":false},"author":3,"featured_media":17909,"comment_status":"closed","ping_status":"closed","sticky":false,"template":"","format":"standard","meta":{"_monsterinsights_skip_tracking":false,"_monsterinsights_sitenote_active":false,"_monsterinsights_sitenote_note":"","_monsterinsights_sitenote_category":0,"footnotes":""},"categories":[7,5],"tags":[1883,7492,188,7608],"class_list":["post-17908","post","type-post","status-publish","format-standard","has-post-thumbnail","hentry","category-educacion-y-cultura","category-sociedad","tag-a-brown","tag-francisco","tag-homenaje","tag-mural"],"_links":{"self":[{"href":"https:\/\/www.visionweb.com.ar\/index.php?rest_route=\/wp\/v2\/posts\/17908","targetHints":{"allow":["GET"]}}],"collection":[{"href":"https:\/\/www.visionweb.com.ar\/index.php?rest_route=\/wp\/v2\/posts"}],"about":[{"href":"https:\/\/www.visionweb.com.ar\/index.php?rest_route=\/wp\/v2\/types\/post"}],"author":[{"embeddable":true,"href":"https:\/\/www.visionweb.com.ar\/index.php?rest_route=\/wp\/v2\/users\/3"}],"replies":[{"embeddable":true,"href":"https:\/\/www.visionweb.com.ar\/index.php?rest_route=%2Fwp%2Fv2%2Fcomments&post=17908"}],"version-history":[{"count":2,"href":"https:\/\/www.visionweb.com.ar\/index.php?rest_route=\/wp\/v2\/posts\/17908\/revisions"}],"predecessor-version":[{"id":17911,"href":"https:\/\/www.visionweb.com.ar\/index.php?rest_route=\/wp\/v2\/posts\/17908\/revisions\/17911"}],"wp:featuredmedia":[{"embeddable":true,"href":"https:\/\/www.visionweb.com.ar\/index.php?rest_route=\/wp\/v2\/media\/17909"}],"wp:attachment":[{"href":"https:\/\/www.visionweb.com.ar\/index.php?rest_route=%2Fwp%2Fv2%2Fmedia&parent=17908"}],"wp:term":[{"taxonomy":"category","embeddable":true,"href":"https:\/\/www.visionweb.com.ar\/index.php?rest_route=%2Fwp%2Fv2%2Fcategories&post=17908"},{"taxonomy":"post_tag","embeddable":true,"href":"https:\/\/www.visionweb.com.ar\/index.php?rest_route=%2Fwp%2Fv2%2Ftags&post=17908"}],"curies":[{"name":"wp","href":"https:\/\/api.w.org\/{rel}","templated":true}]}}