{"id":17906,"date":"2025-04-24T07:27:02","date_gmt":"2025-04-24T10:27:02","guid":{"rendered":"https:\/\/www.visionweb.com.ar\/?p=17906"},"modified":"2025-04-23T20:34:11","modified_gmt":"2025-04-23T23:34:11","slug":"en-febrero-se-debilitaron-las-compras-en-los-supermercados","status":"publish","type":"post","link":"https:\/\/www.visionweb.com.ar\/?p=17906","title":{"rendered":"En febrero se debilitaron las compras en los supermercados"},"content":{"rendered":"<p><em><strong>Sin embargo, en la comparaci\u00f3n interanual las ventas en supermercados y mayoristas mostraron un leve repunte del 1,4%, public\u00f3 el INDEC este mi\u00e9rcoles.<\/strong><\/em><!--more--><\/p>\n<p><img loading=\"lazy\" decoding=\"async\" class=\"size-medium wp-image-16538 alignright\" src=\"https:\/\/www.visionweb.com.ar\/wp-content\/uploads\/2024\/11\/SUPERMERCADOS-300x160.png\" alt=\"\" width=\"300\" height=\"160\" srcset=\"https:\/\/www.visionweb.com.ar\/wp-content\/uploads\/2024\/11\/SUPERMERCADOS-300x160.png 300w, https:\/\/www.visionweb.com.ar\/wp-content\/uploads\/2024\/11\/SUPERMERCADOS.png 640w\" sizes=\"auto, (max-width: 300px) 100vw, 300px\" \/>El consumo volvi\u00f3 a mostrar se\u00f1ales de debilidad en febrero: las ventas en supermercados y autoservicios mayoristas cayeron en comparaci\u00f3n con enero, lo que puso fin a la leve mejora registrada en el primer mes del a\u00f1o.<\/p>\n<p>Seg\u00fan los datos publicados por el INDEC, este mi\u00e9rcoles, las ventas en supermercados registraron una baja mensual del 0,3%, mientras que en la comparaci\u00f3n interanual se observ\u00f3 un crecimiento del 1,5%, aunque con una marcada desaceleraci\u00f3n respecto al ritmo de enero.<\/p>\n<p>En el caso de los mayoristas, el retroceso mensual fue m\u00e1s profundo, con una ca\u00edda del 1%, y una fuerte contracci\u00f3n del 9,1% interanual frente a febrero de 2024.<\/p>\n<p>En t\u00e9rminos de categor\u00edas de productos, los supermercados mostraron subas anuales en rubros como indumentaria, electr\u00f3nica y alimentos preparados de rotiser\u00eda. En contraste, cayeron las ventas de art\u00edculos de limpieza, productos de almac\u00e9n y bebidas.<\/p>\n<p>En los mayoristas, los \u00fanicos incrementos se dieron tambi\u00e9n en ropa y productos electr\u00f3nicos, mientras que alimentos y bebidas presentaron importantes ca\u00eddas.<\/p>\n<p>En cuanto a los medios de pago, se destac\u00f3 el crecimiento del uso de \u201cotros medios\u201d, como billeteras virtuales y pagos con QR. En el canal mayorista, este tipo de transacciones ya representa 27,6% del total, muy cerca del 29,1% que concentran las tarjetas de cr\u00e9dito<strong>(VW)<\/strong><\/p>\n<p>&nbsp;<\/p>\n","protected":false},"excerpt":{"rendered":"<p>Sin embargo, en la comparaci\u00f3n interanual las ventas en supermercados y mayoristas mostraron un leve repunte del 1,4%, public\u00f3 el INDEC este mi\u00e9rcoles.<\/p>\n","protected":false},"author":3,"featured_media":16538,"comment_status":"closed","ping_status":"closed","sticky":false,"template":"","format":"standard","meta":{"_monsterinsights_skip_tracking":false,"_monsterinsights_sitenote_active":false,"_monsterinsights_sitenote_note":"","_monsterinsights_sitenote_category":0,"footnotes":""},"categories":[8],"tags":[3551,3246,47,365],"class_list":["post-17906","post","type-post","status-publish","format-standard","has-post-thumbnail","hentry","category-interes-general","tag-caida","tag-mayoristas","tag-precios","tag-supermercados"],"_links":{"self":[{"href":"https:\/\/www.visionweb.com.ar\/index.php?rest_route=\/wp\/v2\/posts\/17906","targetHints":{"allow":["GET"]}}],"collection":[{"href":"https:\/\/www.visionweb.com.ar\/index.php?rest_route=\/wp\/v2\/posts"}],"about":[{"href":"https:\/\/www.visionweb.com.ar\/index.php?rest_route=\/wp\/v2\/types\/post"}],"author":[{"embeddable":true,"href":"https:\/\/www.visionweb.com.ar\/index.php?rest_route=\/wp\/v2\/users\/3"}],"replies":[{"embeddable":true,"href":"https:\/\/www.visionweb.com.ar\/index.php?rest_route=%2Fwp%2Fv2%2Fcomments&post=17906"}],"version-history":[{"count":1,"href":"https:\/\/www.visionweb.com.ar\/index.php?rest_route=\/wp\/v2\/posts\/17906\/revisions"}],"predecessor-version":[{"id":17907,"href":"https:\/\/www.visionweb.com.ar\/index.php?rest_route=\/wp\/v2\/posts\/17906\/revisions\/17907"}],"wp:featuredmedia":[{"embeddable":true,"href":"https:\/\/www.visionweb.com.ar\/index.php?rest_route=\/wp\/v2\/media\/16538"}],"wp:attachment":[{"href":"https:\/\/www.visionweb.com.ar\/index.php?rest_route=%2Fwp%2Fv2%2Fmedia&parent=17906"}],"wp:term":[{"taxonomy":"category","embeddable":true,"href":"https:\/\/www.visionweb.com.ar\/index.php?rest_route=%2Fwp%2Fv2%2Fcategories&post=17906"},{"taxonomy":"post_tag","embeddable":true,"href":"https:\/\/www.visionweb.com.ar\/index.php?rest_route=%2Fwp%2Fv2%2Ftags&post=17906"}],"curies":[{"name":"wp","href":"https:\/\/api.w.org\/{rel}","templated":true}]}}