{"id":17903,"date":"2025-04-23T18:19:36","date_gmt":"2025-04-23T21:19:36","guid":{"rendered":"https:\/\/www.visionweb.com.ar\/?p=17903"},"modified":"2025-04-23T18:24:46","modified_gmt":"2025-04-23T21:24:46","slug":"el-empresario-bonaerense-martin-rappallini-sera-el-nuevo-presidente-de-la-uia-hasta-202","status":"publish","type":"post","link":"https:\/\/www.visionweb.com.ar\/?p=17903","title":{"rendered":"El empresario bonaerense Mart\u00edn Rappallini ser\u00e1 el nuevo presidente de la UIA hasta 202"},"content":{"rendered":"<p><em><strong>El CEO de Cer\u00e1micas Alberdi asumir\u00e1 su cargo el 29 de abril. Para ello, dejar\u00e1 la titularidad de la la Uni\u00f3n Industrial de la Provincia de Buenos Aires (UIPBA).<\/strong><\/em><!--more--><\/p>\n<p><img loading=\"lazy\" decoding=\"async\" class=\"size-medium wp-image-17904 alignright\" src=\"https:\/\/www.visionweb.com.ar\/wp-content\/uploads\/2025\/04\/UIA-RAPPALINI-300x196.png\" alt=\"\" width=\"300\" height=\"196\" srcset=\"https:\/\/www.visionweb.com.ar\/wp-content\/uploads\/2025\/04\/UIA-RAPPALINI-300x196.png 300w, https:\/\/www.visionweb.com.ar\/wp-content\/uploads\/2025\/04\/UIA-RAPPALINI.png 640w\" sizes=\"auto, (max-width: 300px) 100vw, 300px\" \/>La\u00a0<strong>Uni\u00f3n Industrial Argentina (UIA)<\/strong>\u00a0eligi\u00f3 al empresario bonaerense\u00a0<strong>Mart\u00edn Rappallini<\/strong> para presidir a la central fabril por los pr\u00f3ximos dos a\u00f1os, en reemplazo de <strong>Daniel Funes de Rioja<\/strong>. El CEO de Cer\u00e1micas Alberdi asumir\u00e1 su cargo\u00a0<strong>el 29 de abril<\/strong>.<\/p>\n<p>La Entidad oficializ\u00f3 este martes la lista \u00fanica y de consenso para la renovaci\u00f3n de autoridades por el per\u00edodo 2025-2027.<\/p>\n<p>All\u00ed est\u00e1 Rappallini,\u00a0<strong>actual titular de la Uni\u00f3n Industrial de la Provincia de Buenos Aires (UIPBA)<\/strong>,fue propuesto\u00a0 como candidato a presidente de la entidad nacional.<\/p>\n<p>La secretar\u00eda general seguir\u00e1 a cargo de <strong>Eduardo Nougu\u00e9s<\/strong>, mientras que la tesorer\u00eda ser\u00e1 ejercida por\u00a0<strong>Silvio Z\u00farzolo<\/strong>.<\/p>\n<p>En su web, Rappallini cuenta: \u201cSoy de\u00a0<strong>Maip\u00fa<\/strong>, Provincia de Buenos Aires. Tengo 56 a\u00f1os. Estoy casado con In\u00e9s, con quien criamos a cinco hijos. A los 24 a\u00f1os, me recib\u00ed de abogado y m\u00e1s adelante hice un master en marketing y curs\u00e9 la carrera de coaching ontol\u00f3gico\u201d.<\/p>\n<p>Agrega:\u00a0<strong>\u201cSoy un apasionado de la industria argentina, desde joven entend\u00ed que el desarrollo de nuestra industria era el camino para vivir en una sociedad que integre a todos sus ciudadanos y les mejore la vida\u201d<\/strong>.<\/p>\n<h2 class=\"wp-block-heading\">Lista \u00fanica<\/h2>\n<p>La UIA oficializ\u00f3 una \u00fanica lista, consensuada por los m\u00e1ximos representantes de la entidad.<\/p>\n<p><strong>Presidente: Mart\u00edn Rappallini<\/strong>. Asume en representaci\u00f3n de la Uni\u00f3n Industrial de la Provincia de Buenos Aires (Uipba).<\/p>\n<p><strong>Vicepresidente 1\u00b0: David Uriburu<\/strong>. Es directivo del Grupo Techint, pero integrar\u00e1 el comit\u00e9 por la C\u00e1mara Argentina del Acero (CAA).<\/p>\n<p><strong>Vicepresidente 2\u00b0: Rodrigo P\u00e9rez Graziano<\/strong>. Es directivo del Grupo Stellantis, pero asume por la Asociaci\u00f3n de Fabricantes de Automotores (Adefa).<\/p>\n<p><strong>Vicepresidente 3\u00b0: Modesto Magad\u00e1n<\/strong>. Es el flamante gerente general de Relaciones Institucionales y Sustentabilidad de Arcor, pero asume por la Uni\u00f3n Industrial de C\u00f3rdoba (UIC). Ocupar\u00e1 el lugar que ten\u00eda Adri\u00e1n Kaufmann, a quien tambi\u00e9n reemplaz\u00f3 en la compa\u00f1\u00eda alimenticia.<\/p>\n<p><strong>Vicepresidente 4\u00b0: Mart\u00edn Cabrales<\/strong>. Asume por la Coordinadora de Industrias de Productos Alimenticios (Copal).<\/p>\n<p><strong>Vicepresidente 5\u00b0: Guillermo Moretti<\/strong>. Asume por la Federaci\u00f3n de Industrias de Santa Fe (Fisfe)<\/p>\n<p><strong>Vicepresidente 6\u00b0: Luis Tendlarz<\/strong>. Proviene del sector textil, pero asume en representaci\u00f3n de la Uni\u00f3n Industrial de Catamarca.<\/p>\n<p><strong>Vicepresidente 7\u00b0: Isa\u00edas Drajer<\/strong>. Representar\u00e1 a la C\u00e1mara Industrial de Laboratorios Farmac\u00e9uticos Argentinos (Cilfa).<\/p>\n<p><strong>Vicepresidente 8\u00b0: Daniel Urc\u00eda<\/strong>. Proviene del sector c\u00e1rnico y tambi\u00e9n representar\u00e1 a C\u00f3rdoba (UIC).<\/p>\n<p><strong>Vicepresidente Pymi. Elio del Re<\/strong>. Es el actual presidente de la Asociaci\u00f3n de Industriales Metal\u00fargicos (Adimra) y asume por ese sector.<\/p>\n<p><strong>Secretario: Eduardo Nougu\u00e9s<\/strong>. Es directivo de Ledesma pero representa a la Uni\u00f3n Industrial de Jujuy. Ya hoy cumple esa funci\u00f3n en la UIA.<\/p>\n<p><strong>Tesorero: Silvio Z\u00farzolo<\/strong>. Asume por la Asociaci\u00f3n de Industriales de Buenos Aires (Adiba).<\/p>\n<p>\u201cLa lista representa a m\u00faltiples sectores de la industria como el alimenticio, metalmec\u00e1nica, textil, qu\u00edmica, medicamentos o automotriz, entre otros. Se destacan la incorporaci\u00f3n de la industria del software y la miner\u00eda, y una fuerte representaci\u00f3n de los sectores de la peque\u00f1a y mediana industria, adem\u00e1s de mantener una marcada impronta federal\u201d, precis\u00f3 la UIA en un comunicado.<\/p>\n<p>El recambio de autoridades se llevar\u00e1 a cabo durante el Consejo General Ordinario de la UIA el pr\u00f3ximo martes 29 de abril.<\/p>\n<p>El actual presidente, Funes de Rioja, dejar\u00e1 la presidencia tras dos mandatos consecutivos, tal cual lo indica el estatuto de la instituci\u00f3n<strong>(VW\/DIB)<\/strong>.<\/p>\n","protected":false},"excerpt":{"rendered":"<p>El CEO de Cer\u00e1micas Alberdi asumir\u00e1 su cargo el 29 de abril. Para ello, dejar\u00e1 la titularidad de la la Uni\u00f3n Industrial de la Provincia de Buenos Aires (UIPBA).<\/p>\n","protected":false},"author":3,"featured_media":17904,"comment_status":"closed","ping_status":"closed","sticky":false,"template":"","format":"standard","meta":{"_monsterinsights_skip_tracking":false,"_monsterinsights_sitenote_active":false,"_monsterinsights_sitenote_note":"","_monsterinsights_sitenote_category":0,"footnotes":""},"categories":[749],"tags":[491,2370,1774],"class_list":["post-17903","post","type-post","status-publish","format-standard","has-post-thumbnail","hentry","category-pymes","tag-autoridades","tag-eleccion","tag-uia"],"_links":{"self":[{"href":"https:\/\/www.visionweb.com.ar\/index.php?rest_route=\/wp\/v2\/posts\/17903","targetHints":{"allow":["GET"]}}],"collection":[{"href":"https:\/\/www.visionweb.com.ar\/index.php?rest_route=\/wp\/v2\/posts"}],"about":[{"href":"https:\/\/www.visionweb.com.ar\/index.php?rest_route=\/wp\/v2\/types\/post"}],"author":[{"embeddable":true,"href":"https:\/\/www.visionweb.com.ar\/index.php?rest_route=\/wp\/v2\/users\/3"}],"replies":[{"embeddable":true,"href":"https:\/\/www.visionweb.com.ar\/index.php?rest_route=%2Fwp%2Fv2%2Fcomments&post=17903"}],"version-history":[{"count":1,"href":"https:\/\/www.visionweb.com.ar\/index.php?rest_route=\/wp\/v2\/posts\/17903\/revisions"}],"predecessor-version":[{"id":17905,"href":"https:\/\/www.visionweb.com.ar\/index.php?rest_route=\/wp\/v2\/posts\/17903\/revisions\/17905"}],"wp:featuredmedia":[{"embeddable":true,"href":"https:\/\/www.visionweb.com.ar\/index.php?rest_route=\/wp\/v2\/media\/17904"}],"wp:attachment":[{"href":"https:\/\/www.visionweb.com.ar\/index.php?rest_route=%2Fwp%2Fv2%2Fmedia&parent=17903"}],"wp:term":[{"taxonomy":"category","embeddable":true,"href":"https:\/\/www.visionweb.com.ar\/index.php?rest_route=%2Fwp%2Fv2%2Fcategories&post=17903"},{"taxonomy":"post_tag","embeddable":true,"href":"https:\/\/www.visionweb.com.ar\/index.php?rest_route=%2Fwp%2Fv2%2Ftags&post=17903"}],"curies":[{"name":"wp","href":"https:\/\/api.w.org\/{rel}","templated":true}]}}