{"id":17897,"date":"2025-04-23T16:55:11","date_gmt":"2025-04-23T19:55:11","guid":{"rendered":"https:\/\/www.visionweb.com.ar\/?p=17897"},"modified":"2025-04-23T16:55:11","modified_gmt":"2025-04-23T19:55:11","slug":"la-suspension-de-las-paso-debera-esperar","status":"publish","type":"post","link":"https:\/\/www.visionweb.com.ar\/?p=17897","title":{"rendered":"La suspensi\u00f3n de las PASO deber\u00e1 esperar"},"content":{"rendered":"<p><strong><em>La C\u00e1mara de Diputados sesionar\u00e1 solo para homenajear al papa Francisco. Tensi\u00f3n en torno al calendario electoral.la advertencia de la Justicia.\u00a0<\/em><\/strong><!--more--><\/p>\n<p><img loading=\"lazy\" decoding=\"async\" class=\"size-medium wp-image-367 alignright\" src=\"https:\/\/www.visionweb.com.ar\/wp-content\/uploads\/2020\/11\/LEGISLATURA-BONAERENSE-300x200.png\" alt=\"\" width=\"300\" height=\"200\" srcset=\"https:\/\/www.visionweb.com.ar\/wp-content\/uploads\/2020\/11\/LEGISLATURA-BONAERENSE-300x200.png 300w, https:\/\/www.visionweb.com.ar\/wp-content\/uploads\/2020\/11\/LEGISLATURA-BONAERENSE.png 640w\" sizes=\"auto, (max-width: 300px) 100vw, 300px\" \/>Pese a que\u00a0la\u00a0<strong>Junta Electoral<\/strong> insisti\u00f3 con su pedido para que se modifiquen los plazos electorales, que tambi\u00e9n reclama el gobernador Axel Kicillof, por ahora las <strong>PASO\u00a0<\/strong>se disputar\u00e1n el\u00a0<strong>13 de julio, porque <\/strong>la Legislatura no las suspender\u00e1 este mi\u00e9rcoles, como estaba previsto, y s\u00f3lo se limitar\u00e1 a homenajear al\u00a0<strong>papa Francisco<\/strong>.<\/p>\n<p>Ante la posibilidad de abrir un arduo debate sobre los plazos electorales, el presidente de la C\u00e1mara de Diputados, Alexis Guerrera, decidi\u00f3 mantener la sesi\u00f3n, aunque limitando el temario a homenajear al Papa.<\/p>\n<p>De esta manera,\u00a0<strong>no se tratar\u00e1 el proyecto del Ejecutivo, aprobado la semana pasada en Senadores<\/strong>, para suspender las PASO, algo con lo que est\u00e1n de acuerdo todas las bancadas. Es que el desacuerdo no tiene que ver son las primarias en s\u00ed, como inform\u00f3 DIB, sino que gira en torno al calendario electoral.<\/p>\n<p>Kicillof hab\u00eda incluido una modificaci\u00f3n al cronograma inicial para tener m\u00e1s tiempo de organizar la elecci\u00f3n bonaerense, luego de desdoblarla por decreto. Pero Senado lo elimin\u00f3 y aprob\u00f3 solo la postergaci\u00f3n de la PASO. De fondo, est\u00e1 la tensi\u00f3n pol\u00edtica entre el kicillofismo y el kirchnerismo.<\/p>\n<p>Cabe recordar que el martes, la Junta Electoral present\u00f3 ante la presidencia de Diputados un pedido para modificar los plazos,\u00a0<strong>sim\u00e9trico al que hab\u00eda hecho llegar la semana pasada a la C\u00e1mara alta<\/strong>.<\/p>\n<p>El calendario electoral que a\u00fan est\u00e1 vigente, establece<strong>\u00a0la primera fecha l\u00edmite el jueves<\/strong>, cuando se deber\u00edan presentar las fichas de afiliaci\u00f3n y listados de afiliados emitidos por la Justicia Electoral Nacional.<\/p>\n<p><strong>El Ejecutivo quiere que la convocatoria a las elecciones se haga con 100 d\u00edas de antelaci\u00f3n a la fecha del comicio, el reconocimiento de alianzas 80 d\u00edas antes, la presentaci\u00f3n de listas 70 d\u00edas y la de boletas con 50 d\u00edas de antelaci\u00f3n<\/strong>. En la legislaci\u00f3n que por ahora est\u00e1 vigente los plazos son de 60 d\u00edas para la convocatoria y las alianzas, 30 para las 30 y 20 para las boletas<strong>(VW)<\/strong>.<\/p>\n","protected":false},"excerpt":{"rendered":"<p>La C\u00e1mara de Diputados sesionar\u00e1 solo para homenajear al papa Francisco. Tensi\u00f3n en torno al calendario electoral.la advertencia de la Justicia.\u00a0<\/p>\n","protected":false},"author":3,"featured_media":12288,"comment_status":"closed","ping_status":"closed","sticky":false,"template":"","format":"standard","meta":{"_monsterinsights_skip_tracking":false,"_monsterinsights_sitenote_active":false,"_monsterinsights_sitenote_note":"","_monsterinsights_sitenote_category":0,"footnotes":""},"categories":[4],"tags":[143,872,204,7607],"class_list":["post-17897","post","type-post","status-publish","format-standard","has-post-thumbnail","hentry","category-politica","tag-diputados","tag-legislatura","tag-paso","tag-suspenesion"],"_links":{"self":[{"href":"https:\/\/www.visionweb.com.ar\/index.php?rest_route=\/wp\/v2\/posts\/17897","targetHints":{"allow":["GET"]}}],"collection":[{"href":"https:\/\/www.visionweb.com.ar\/index.php?rest_route=\/wp\/v2\/posts"}],"about":[{"href":"https:\/\/www.visionweb.com.ar\/index.php?rest_route=\/wp\/v2\/types\/post"}],"author":[{"embeddable":true,"href":"https:\/\/www.visionweb.com.ar\/index.php?rest_route=\/wp\/v2\/users\/3"}],"replies":[{"embeddable":true,"href":"https:\/\/www.visionweb.com.ar\/index.php?rest_route=%2Fwp%2Fv2%2Fcomments&post=17897"}],"version-history":[{"count":1,"href":"https:\/\/www.visionweb.com.ar\/index.php?rest_route=\/wp\/v2\/posts\/17897\/revisions"}],"predecessor-version":[{"id":17898,"href":"https:\/\/www.visionweb.com.ar\/index.php?rest_route=\/wp\/v2\/posts\/17897\/revisions\/17898"}],"wp:featuredmedia":[{"embeddable":true,"href":"https:\/\/www.visionweb.com.ar\/index.php?rest_route=\/wp\/v2\/media\/12288"}],"wp:attachment":[{"href":"https:\/\/www.visionweb.com.ar\/index.php?rest_route=%2Fwp%2Fv2%2Fmedia&parent=17897"}],"wp:term":[{"taxonomy":"category","embeddable":true,"href":"https:\/\/www.visionweb.com.ar\/index.php?rest_route=%2Fwp%2Fv2%2Fcategories&post=17897"},{"taxonomy":"post_tag","embeddable":true,"href":"https:\/\/www.visionweb.com.ar\/index.php?rest_route=%2Fwp%2Fv2%2Ftags&post=17897"}],"curies":[{"name":"wp","href":"https:\/\/api.w.org\/{rel}","templated":true}]}}