{"id":17894,"date":"2025-04-23T10:11:28","date_gmt":"2025-04-23T13:11:28","guid":{"rendered":"https:\/\/www.visionweb.com.ar\/?p=17894"},"modified":"2025-04-22T11:07:01","modified_gmt":"2025-04-22T14:07:01","slug":"el-funeral-del-papa-francisco-sera-el-26-de-abril-en-la-plaza-de-san-pedro","status":"publish","type":"post","link":"https:\/\/www.visionweb.com.ar\/?p=17894","title":{"rendered":"El funeral del papa Francisco ser\u00e1 el 26 de abril en la Plaza de San Pedro"},"content":{"rendered":"<p><em><strong>Al funeral se espera la asistencia de medio mill\u00f3n de fieles, adem\u00e1s de jefes de Estado y monarcas. Entre ellos estar\u00e1 el presidente\u00a0Javier Milei.<\/strong><\/em><!--more--><\/p>\n<p><strong><img loading=\"lazy\" decoding=\"async\" class=\"size-medium wp-image-17895 alignright\" src=\"https:\/\/www.visionweb.com.ar\/wp-content\/uploads\/2025\/04\/FRANCISCO-EXCEQUIAS-300x200.png\" alt=\"\" width=\"300\" height=\"200\" srcset=\"https:\/\/www.visionweb.com.ar\/wp-content\/uploads\/2025\/04\/FRANCISCO-EXCEQUIAS-300x200.png 300w, https:\/\/www.visionweb.com.ar\/wp-content\/uploads\/2025\/04\/FRANCISCO-EXCEQUIAS.png 640w\" sizes=\"auto, (max-width: 300px) 100vw, 300px\" \/>El Vaticano difundi\u00f3 las primeras im\u00e1genes del papa Francisco, fallecido este lunes a los 88 a\u00f1os, yaciendo en su ata\u00fad en la capilla de la residencia de Santa Marta.<\/strong><\/p>\n<p>Las fotograf\u00edas muestran al Sumo Pont\u00edfice en su f\u00e9retro sosteniendo un rosario, mientras el secretario de Estado vaticano reza junto a \u00e9l.<\/p>\n<p>Este mi\u00e9rcoles el ata\u00fad ser\u00e1 trasladado a la Bas\u00edlica de San Pedro, en\u00a0<strong>la preparaci\u00f3n de la misa exequial del Pont\u00edfice<\/strong>\u00a0que ser\u00e1 llevada a cabo\u00a0<strong>el s\u00e1bado 26 de abril desde las 10 de Roma (5 de la ma\u00f1ana de Argentina)<\/strong>. Las fechas fueron decididas en\u00a0<strong>la primera reuni\u00f3n del Colegio Cardenalicio<\/strong>, durante la ma\u00f1ana de este martes en el Vaticano.<\/p>\n<p>Seg\u00fan se inform\u00f3 oficialmente desde la Santa Sede,\u00a0<strong>\u201cel pr\u00f3ximo s\u00e1bado 26 de abril de 2025, a las 10 de la ma\u00f1ana, primer d\u00eda de los Novendiales, en el atrio de la Bas\u00edlica de San Pedro, se celebrar\u00e1 la Misa exequial del Papa Francisco, seg\u00fan el Ordo Exsequiarum Romani Pontificis\u201d<\/strong>.<\/p>\n<p>Agregaron que \u201cla liturgia exequial estar\u00e1 presidida por el cardenal\u00a0<strong>Giovanni Battista Re<\/strong>, decano del Colegio Cardenalicio\u201d.<\/p>\n<p>Al final de la celebraci\u00f3n eucar\u00edstica tendr\u00e1 lugar la Ultima commendatio y la Valedictio.\u00a0<strong>A continuaci\u00f3n, el f\u00e9retro del Papa ser\u00e1 trasladado al interior la Bas\u00edlica de San Pedro y de all\u00ed a la Bas\u00edlica de Santa Mar\u00eda la Mayor para su inhumaci\u00f3n.<\/strong><\/p>\n<p>Al funeral se espera la asistencia de medio mill\u00f3n de fieles, adem\u00e1s de jefes de Estado y monarcas. Entre ellos estar\u00e1 el presidente\u00a0<strong>Javier Milei<\/strong>.<\/p>\n<p class=\"wp-block-heading\"><strong>Procesi\u00f3n por el Vaticano<\/strong><\/p>\n<p>En tanto, en la tarde del lunes el cardenal\u00a0<strong>Kevin Joseph Farrell<\/strong>, Camarlengo de la Santa Romana Iglesia, presidi\u00f3 el rito de la constataci\u00f3n de la muerte y la colocaci\u00f3n del cuerpo del Papa en el f\u00e9retro.<\/p>\n<p>mi\u00e9rcoles, despu\u00e9s del momento de oraci\u00f3n presidido por el Camarlengo comenzar\u00e1 el traslado del f\u00e9retro.\u00a0<strong>\u201cLa procesi\u00f3n pasar\u00e1 por la Plaza Santa Marta y la Plaza de los Protom\u00e1rtires Romanos; desde el Arco de las Campanas se subir\u00e1 a la Plaza de San Pedro y se entrar\u00e1 en la Bas\u00edlica Vaticana por la puerta central\u201d<\/strong>, inform\u00f3 la oficina de prensa del Vaticano.<\/p>\n<p>Finalmente, en el comunicado difundido esta ma\u00f1ana se indica que \u201cen el Altar de la Confesi\u00f3n, el Cardenal Camarlengo presidir\u00e1 la Liturgia de la Palabra, al final de la cual comenzar\u00e1n las visitas al f\u00e9retro del Romano Pont\u00edfice.<\/p>\n<p><strong>Cardenales<\/strong><\/p>\n<p>Este martes se realiz\u00f3, con la participaci\u00f3n de unos sesenta cardenales <strong>la primera Congregaci\u00f3n General del Colegio Cardenalicio en el Vaticano<\/strong>. Los purpurados presentes juraron observar la Constituci\u00f3n Apost\u00f3lica \u201cUniversi Dominici Gregis\u201d sobre la vacante de la Sede Apost\u00f3lica y la elecci\u00f3n del Pont\u00edfice. En la Congregaci\u00f3n tambi\u00e9n se decidieron las fechas del traslado y del funeral del Papa. La segunda Congregaci\u00f3n General tendr\u00e1 lugar este mi\u00e9rcoles a las 17 de Roma.<\/p>\n<p>La reuni\u00f3n comenz\u00f3 a las 9 y dur\u00f3 hasta las 10.30 (4 a 5.30 de Argentina). Estuvieron presentes en el Aula Nueva del S\u00ednodo unos sesenta cardenales que comenzaron con un momento de oraci\u00f3n por el difunto Papa Francisco.<\/p>\n<p>Los prelados \u201cjuraron observar fielmente las normas de la Constituci\u00f3n Apost\u00f3lica Universi Dominici Gregis respecto a la vacante de la Sede Apost\u00f3lica y a la elecci\u00f3n del Romano Pont\u00edfice y luego cantaron el Adsumus. Se leyeron los p\u00e1rrafos 12 y 13 de la Constituci\u00f3n Apost\u00f3lica y el cardenal Kevin Joseph Farrell ley\u00f3 a los purpurados el Testamento de Francisco que se dio a conocer ayer por la tarde\u201d, de acuerdo con lo difundido oficialmente.<\/p>\n<p><strong>En esta primera Congregaci\u00f3n tambi\u00e9n se decidieron las fechas del traslado y del funeral<\/strong>, seg\u00fan ya anunci\u00f3 la Oficina de Prensa de la Santa Sede. Adem\u00e1s, se indic\u00f3 que, la segunda Congregaci\u00f3n General tendr\u00e1 lugar ma\u00f1ana mi\u00e9rcoles a las 17, ya que por la ma\u00f1ana los cardenales participar\u00e1n en el traslado del f\u00e9retro de la Casa Santa Marta a la Bas\u00edlica de San Pedro.<\/p>\n<p>En tanto, la misa del domingo 27 de abril en la Plaza de San Pedro estar\u00e1 presidida por el cardenal\u00a0<strong>Pietro Parolin<\/strong>\u00a0y ser\u00e1 la segunda de los Novendiali (novena), que se celebrar\u00e1n todos los d\u00edas a las 17 del Vaticano.<\/p>\n<p>Tambi\u00e9n se eligieron por sorteo a los tres cardenales de la Comisi\u00f3n que asiste al Camarlengo en las decisiones ordinarias: se trata de los cardenales <strong>Pietro Parolin, Stanislaw Rylko y Fabio Baggio<\/strong>, uno por cada orden que compone el Colegio Cardenalicio, la de obispos, presb\u00edteros y di\u00e1conos. Los Purpurados de esta Comisi\u00f3n son sorteados cada tres d\u00edas.<\/p>\n<p>Adem\u00e1s, para esta noche a las 19.30 ha sido anunciada en la cuenta de X de la Secretar\u00eda de Estado\u00a0<strong>el rezo del Santo Rosario por el papa Francisco en la Plaza de San Pedro(VW)<\/strong><\/p>\n<p>&nbsp;<\/p>\n","protected":false},"excerpt":{"rendered":"<p>Al funeral se espera la asistencia de medio mill\u00f3n de fieles, adem\u00e1s de jefes de Estado y monarcas. Entre ellos estar\u00e1 el presidente\u00a0Javier Milei.<\/p>\n","protected":false},"author":3,"featured_media":17895,"comment_status":"closed","ping_status":"closed","sticky":false,"template":"","format":"standard","meta":{"_monsterinsights_skip_tracking":false,"_monsterinsights_sitenote_active":false,"_monsterinsights_sitenote_note":"","_monsterinsights_sitenote_category":0,"footnotes":""},"categories":[3],"tags":[7606,7492,6220],"class_list":["post-17894","post","type-post","status-publish","format-standard","has-post-thumbnail","hentry","category-actualidad","tag-exequias","tag-francisco","tag-vaticano"],"_links":{"self":[{"href":"https:\/\/www.visionweb.com.ar\/index.php?rest_route=\/wp\/v2\/posts\/17894","targetHints":{"allow":["GET"]}}],"collection":[{"href":"https:\/\/www.visionweb.com.ar\/index.php?rest_route=\/wp\/v2\/posts"}],"about":[{"href":"https:\/\/www.visionweb.com.ar\/index.php?rest_route=\/wp\/v2\/types\/post"}],"author":[{"embeddable":true,"href":"https:\/\/www.visionweb.com.ar\/index.php?rest_route=\/wp\/v2\/users\/3"}],"replies":[{"embeddable":true,"href":"https:\/\/www.visionweb.com.ar\/index.php?rest_route=%2Fwp%2Fv2%2Fcomments&post=17894"}],"version-history":[{"count":1,"href":"https:\/\/www.visionweb.com.ar\/index.php?rest_route=\/wp\/v2\/posts\/17894\/revisions"}],"predecessor-version":[{"id":17896,"href":"https:\/\/www.visionweb.com.ar\/index.php?rest_route=\/wp\/v2\/posts\/17894\/revisions\/17896"}],"wp:featuredmedia":[{"embeddable":true,"href":"https:\/\/www.visionweb.com.ar\/index.php?rest_route=\/wp\/v2\/media\/17895"}],"wp:attachment":[{"href":"https:\/\/www.visionweb.com.ar\/index.php?rest_route=%2Fwp%2Fv2%2Fmedia&parent=17894"}],"wp:term":[{"taxonomy":"category","embeddable":true,"href":"https:\/\/www.visionweb.com.ar\/index.php?rest_route=%2Fwp%2Fv2%2Fcategories&post=17894"},{"taxonomy":"post_tag","embeddable":true,"href":"https:\/\/www.visionweb.com.ar\/index.php?rest_route=%2Fwp%2Fv2%2Ftags&post=17894"}],"curies":[{"name":"wp","href":"https:\/\/api.w.org\/{rel}","templated":true}]}}