{"id":17882,"date":"2025-04-21T12:11:06","date_gmt":"2025-04-21T15:11:06","guid":{"rendered":"https:\/\/www.visionweb.com.ar\/?p=17882"},"modified":"2025-04-21T12:11:06","modified_gmt":"2025-04-21T15:11:06","slug":"la-casa-rosada-dispuso-siete-dias-de-duelo-por-la-muerte-del-papa-francisco","status":"publish","type":"post","link":"https:\/\/www.visionweb.com.ar\/?p=17882","title":{"rendered":"La casa Rosada dispuso siete d\u00edas de duelo por la muerte del Papa Francisco"},"content":{"rendered":"<p><em><strong>Lo hizo esta ma\u00f1ana, luego de conocerse la noticia. Los medios religiosos destacan que su pontificado estuvo marcado por un enfoque pastoral centrado en la misericordia y el amoe.<\/strong><\/em><!--more--><\/p>\n<p><img loading=\"lazy\" decoding=\"async\" class=\"size-medium wp-image-12261 alignright\" src=\"https:\/\/www.visionweb.com.ar\/wp-content\/uploads\/2023\/10\/CASA-DE-GOBIERNO-300x149.png\" alt=\"\" width=\"300\" height=\"149\" srcset=\"https:\/\/www.visionweb.com.ar\/wp-content\/uploads\/2023\/10\/CASA-DE-GOBIERNO-300x149.png 300w, https:\/\/www.visionweb.com.ar\/wp-content\/uploads\/2023\/10\/CASA-DE-GOBIERNO.png 640w\" sizes=\"auto, (max-width: 300px) 100vw, 300px\" \/>El presidente\u00a0Javier Milei decret\u00f3\u00a0 siete d\u00edas de duelo nacional\u00a0por la\u00a0muerte\u00a0del Papa Francisco,\u00a0Jorge Bergoglio, ocurrida este lunes en Roma.<\/p>\n<p>El vocero presidencial\u00a0Manuel Adorni\u00a0fue el encargado de anunciar la medida a trav\u00e9s de su cuenta de X (ex Twitter):\u00a0\u201cFalleci\u00f3 el Papa Francisco, Jorge Bergoglio. L\u00edder espiritual y gu\u00eda de millones de hombres y mujeres. El Presidente de la Naci\u00f3n decretar\u00e1 siete d\u00edas de duelo por el fallecimiento del Santo Padre\u201d.<\/p>\n<p>El Presidente tambi\u00e9n lo despidi\u00f3 en redes sociales.\u00a0\u201cA pesar de\u00a0diferencias\u00a0que hoy resultan menores, haber podido\u00a0conocerlo\u00a0en su bondad y sabidur\u00eda fue un verdadero honor para m\u00ed\u201d, sostuvo.<\/p>\n<p>Los medios religiosos destacan que su pontificado estuvo marcado por un enfoque pastoral centrado en la misericordia y el amor, buscando siempre tender puentes y dialogar con todas las personas de buena voluntad.<\/p>\n<p><strong>Jorge Mario Bergoglio naci\u00f3 en Buenos Aires el 17 de diciembre de 1936<\/strong>, dej\u00f3 una profunda huella en la Iglesia Cat\u00f3lica desde\u00a0<strong>su elecci\u00f3n como Papa en 2013<\/strong>, era conocido por su carisma, humildad y cercan\u00eda a quienes m\u00e1s lo necesitan, Francisco trabaj\u00f3 por la paz, la justicia social y el cuidado del medio ambiente.<\/p>\n<p>La muerte del Papa fue anunciada esta ma\u00f1ana por el Vaticano. \u201cQueridos hermanos y hermanas, con profundo dolor debo anunciar el fallecimiento de nuestro Santo Padre Francisco.\u00a0<strong>A las 7:35 de esta ma\u00f1ana, el Obispo de Roma, Francisco, regres\u00f3 a la casa del Padre<\/strong>\u201c, indica el comunicado<strong>(VW)<\/strong><\/p>\n","protected":false},"excerpt":{"rendered":"<p>Lo hizo esta ma\u00f1ana, luego de conocerse la noticia. Los medios religiosos destacan que su pontificado estuvo marcado por un enfoque pastoral centrado en la misericordia y el amoe.<\/p>\n","protected":false},"author":3,"featured_media":12261,"comment_status":"closed","ping_status":"closed","sticky":false,"template":"","format":"standard","meta":{"_monsterinsights_skip_tracking":false,"_monsterinsights_sitenote_active":false,"_monsterinsights_sitenote_note":"","_monsterinsights_sitenote_category":0,"footnotes":""},"categories":[3,8],"tags":[],"class_list":["post-17882","post","type-post","status-publish","format-standard","has-post-thumbnail","hentry","category-actualidad","category-interes-general"],"_links":{"self":[{"href":"https:\/\/www.visionweb.com.ar\/index.php?rest_route=\/wp\/v2\/posts\/17882","targetHints":{"allow":["GET"]}}],"collection":[{"href":"https:\/\/www.visionweb.com.ar\/index.php?rest_route=\/wp\/v2\/posts"}],"about":[{"href":"https:\/\/www.visionweb.com.ar\/index.php?rest_route=\/wp\/v2\/types\/post"}],"author":[{"embeddable":true,"href":"https:\/\/www.visionweb.com.ar\/index.php?rest_route=\/wp\/v2\/users\/3"}],"replies":[{"embeddable":true,"href":"https:\/\/www.visionweb.com.ar\/index.php?rest_route=%2Fwp%2Fv2%2Fcomments&post=17882"}],"version-history":[{"count":1,"href":"https:\/\/www.visionweb.com.ar\/index.php?rest_route=\/wp\/v2\/posts\/17882\/revisions"}],"predecessor-version":[{"id":17883,"href":"https:\/\/www.visionweb.com.ar\/index.php?rest_route=\/wp\/v2\/posts\/17882\/revisions\/17883"}],"wp:featuredmedia":[{"embeddable":true,"href":"https:\/\/www.visionweb.com.ar\/index.php?rest_route=\/wp\/v2\/media\/12261"}],"wp:attachment":[{"href":"https:\/\/www.visionweb.com.ar\/index.php?rest_route=%2Fwp%2Fv2%2Fmedia&parent=17882"}],"wp:term":[{"taxonomy":"category","embeddable":true,"href":"https:\/\/www.visionweb.com.ar\/index.php?rest_route=%2Fwp%2Fv2%2Fcategories&post=17882"},{"taxonomy":"post_tag","embeddable":true,"href":"https:\/\/www.visionweb.com.ar\/index.php?rest_route=%2Fwp%2Fv2%2Ftags&post=17882"}],"curies":[{"name":"wp","href":"https:\/\/api.w.org\/{rel}","templated":true}]}}